{"id":66838,"date":"2025-11-25T16:33:04","date_gmt":"2025-11-25T15:33:04","guid":{"rendered":"https:\/\/optimix-software.com\/blog\/unkategorisiert\/black-friday-2025-wie-das-preisimage-und-der-wahrgenommene-wert-die-markenstrategien-neu-gestalten\/"},"modified":"2025-11-26T14:10:29","modified_gmt":"2025-11-26T13:10:29","slug":"black-friday-2025-wie-das-preisimage-und-der-wahrgenommene-wert-die-markenstrategien-neu-gestalten","status":"publish","type":"post","link":"https:\/\/optimix-software.com\/de\/blog\/preisgestaltung\/black-friday-2025-wie-das-preisimage-und-der-wahrgenommene-wert-die-markenstrategien-neu-gestalten\/","title":{"rendered":"Black Friday 2025: Wie das Preisimage und der wahrgenommene Wert die Markenstrategien neu gestalten"},"content":{"rendered":"\t\t<div data-elementor-type=\"wp-post\" data-elementor-id=\"66838\" class=\"elementor elementor-66838 elementor-66787\" data-elementor-post-type=\"post\">\n\t\t\t\t<div class=\"elementor-element elementor-element-7e75305 e-flex e-con-boxed wpr-particle-no wpr-jarallax-no wpr-parallax-no wpr-sticky-section-no e-con e-parent\" data-id=\"7e75305\" data-element_type=\"container\" data-e-type=\"container\">\n\t\t\t\t\t<div class=\"e-con-inner\">\n\t\t\t\t<div class=\"elementor-element elementor-element-4d7f99e elementor-widget elementor-widget-text-editor\" data-id=\"4d7f99e\" data-element_type=\"widget\" data-e-type=\"widget\" data-widget_type=\"text-editor.default\">\n\t\t\t\t<div class=\"elementor-widget-container\">\n\t\t\t\t\t\t\t\t\t<p><span style=\"font-weight: 400;\"><strong>Der Black Friday<\/strong> ist immer noch eine der intensivsten Zeiten des Jahres. F\u00fcr viele Einzelh\u00e4ndler ist dies die Zeit, in der sie ein Viertel ihres Umsatzes erzielen: Die Spitzenums\u00e4tze sind zehnmal h\u00f6her als an einem normalen Tag, und der kleinste Fehler bei der <strong>Prognose der Nachfrage<\/strong> <strong>und der Ums\u00e4tze<\/strong> kann zu kritischen Engp\u00e4ssen oder teuren \u00dcberbest\u00e4nden f\u00fchren. <\/span><span style=\"font-weight: 400;\"><br><\/span><\/p><p><span style=\"font-weight: 400;\">In diesem Zeitraum wird die Notwendigkeit einer sehr genauen <strong>Lagerverwaltung<\/strong> deutlich, die durch eine Reihe von <a href=\"https:\/\/optimix-software.com\/de\/loesung-fuer-die-lieferkette-aps\/prognosen-zu-absatz-und-nachfrage\/\"><strong>Zuverl\u00e4ssige Prognosetools f\u00fcr Umsatz und Nachfrage<\/strong><\/a>Die meisten Unternehmen sind nicht in der Lage, ihre Gewinne zu steigern, da sie nicht in der Lage sind, ihre Gewinne zu steigern, da sie nicht in der Lage sind, ihre Gewinne zu steigern.<\/span><\/p><p><span style=\"font-weight: 400;\">Aber hinter dieser operativen Herausforderung verbirgt sich eine andere, viel strategischere Herausforderung: die des <a href=\"https:\/\/optimix-software.com\/de\/blog\/preisgestaltung\/preisimage-ein-strategischer-hebel-fuer-wahrnehmung-und-leistung\/\"><strong>das Preisimage<\/strong><\/a>. Auch wenn der Black Friday ein gro\u00dfes Volumen generiert, f\u00fchrt er auch zu einem Preisdruck, der den wahrgenommenen Wert einer Marke schw\u00e4chen kann.   <\/span><\/p><p><span style=\"font-weight: 400;\">Angesichts der Tatsache, dass die Verbraucher besser informiert und anspruchsvoller sind und mehr auf Preiskonsistenz achten, definieren die Marken den Stellenwert des Preises in ihrem Wertangebot neu. Dies veranlasst heute viele, vor allem Premium-Ketten, ihren Ansatz zu \u00fcberdenken. Eine strategische Neupositionierung rund um das Preisimage, den wahrgenommenen Wert und die Erwartungen der Verbraucher.  <\/span><\/p>\t\t\t\t\t\t\t\t<\/div>\n\t\t\t\t<\/div>\n\t\t\t\t\t<\/div>\n\t\t\t\t<\/div>\n\t\t<div class=\"elementor-element elementor-element-7b73e69 e-flex e-con-boxed wpr-particle-no wpr-jarallax-no wpr-parallax-no wpr-sticky-section-no e-con e-parent\" data-id=\"7b73e69\" data-element_type=\"container\" data-e-type=\"container\">\n\t\t\t\t\t<div class=\"e-con-inner\">\n\t\t\t\t<div class=\"elementor-element elementor-element-e6daab9 elementor-widget elementor-widget-text-editor\" data-id=\"e6daab9\" data-element_type=\"widget\" data-e-type=\"widget\" data-widget_type=\"text-editor.default\">\n\t\t\t\t<div class=\"elementor-widget-container\">\n\t\t\t\t\t\t\t\t\t<h2><b>Die Herausforderungen des Black Friday f\u00fcr Einzelh\u00e4ndler: Kontrolle der Lagerbest\u00e4nde und Prognose der Nachfrage<\/b><\/h2><p><span style=\"font-weight: 400;\">Der Black Friday ist <\/span>in <span style=\"font-weight: 400;\">erster Linie <\/span>ein  <span style=\"font-weight: 400;\">die wichtigste Zeit des Jahres, in der Einzelh\u00e4ndler 25-40% ihres Umsatzes erzielen. Dies ist eine der wenigen Zeiten im Jahr, in denen die   <\/span><b>die Verkaufsvolumina ein au\u00dfergew\u00f6hnliches Niveau erreichen.<\/b><span style=\"font-weight: 400;\">In den letzten Jahren hat sich die Lage in den USA verschlechtert, wo jeder Fehlbestand zu einem sofortigen Umsatzverlust f\u00fchrt und jeder \u00dcberschuss die Gewinnspanne gef\u00e4hrdet. <\/span> <\/p><p><span style=\"font-weight: 400;\">In diesem Zusammenhang h\u00e4ngt die Leistung nicht nur vom Preis ab, sondern auch von der F\u00e4higkeit des Unternehmens, die Nachfrage zu befriedigen. <\/span><b>die Nachfrage zu befriedigen<\/b><span style=\"font-weight: 400;\">. Die Synchronisierung von Marketing, Logistik und Versorgungskette, um die Verf\u00fcgbarkeit der Produkte zu gew\u00e4hrleisten, ist von entscheidender Bedeutung.<\/span><\/p><p><span style=\"font-weight: 400;\">Um dies zu erreichen, m\u00fcssen <\/span>die <span style=\"font-weight: 400;\">Marken <\/span>die Entwicklung des <span style=\"font-weight: 400;\">Marktes genau vorhersehen <\/span>.<span style=\"font-weight: 400;\">ie ben\u00f6tigten Mengen, die erwarteten Umschlagsraten, die Kan\u00e4le, die \u00fcberdurchschnittlich abschneiden werden, und die Produkte, die die Nachfrage konzentrieren werden. Diese Kalibrierung ist entscheidend: Selbst ein kleiner Fehler bei einem Top-Seller kann gro\u00dfe Auswirkungen auf den Umsatz und die Kundenwahrnehmung haben. <\/span><\/p><p><span style=\"font-weight: 400;\">Die Risiken sind bekannt:<\/span><\/p><ul><li style=\"font-weight: 400;\" aria-level=\"1\"><b>Die Unterbrechung<\/b><span style=\"font-weight: 400;\">Die Unterbrechung, die wichtige Warenstr\u00f6me zur Konkurrenz umleitet, schw\u00e4cht die Erfahrung und wirft das Bild einer unterdimensionierten Lieferkette zur\u00fcck.<\/span><\/li><li style=\"font-weight: 400;\" aria-level=\"1\"><b>\u00dcberbest\u00e4nde<\/b><span style=\"font-weight: 400;\">Sie verschlechtert die Gewinnspanne und tr\u00fcbt das Preisbild, da sie den Eindruck eines k\u00fcnstlichen Anfangspreises erweckt.<\/span><span style=\"font-weight: 400;\"><br><\/span><\/li><\/ul><p>Der Black Friday bringt viele Herausforderungen mit sich, von denen wir 4 hier vorstellen m\u00f6chten: <a href=\"https:\/\/optimix-software.com\/de\/blog\/lieferkette\/schwarzer-freitag-2023-die-4-grossen-herausforderungen\/\"><strong>Black Friday &#8211; 4 gro\u00dfe Herausforderungen<\/strong><\/a><\/p><p><span style=\"font-weight: 400;\">Viele Einzelh\u00e4ndler st\u00fctzen sich heute auf Prognosen, die auf der Grundlage von <\/span><b>Tools zur Prognose von Verkauf und Nachfrage <\/b> <span style=\"font-weight: 400;\">Sie sind in der Lage, historische Verkaufszahlen, Trendsignale, Saisonalit\u00e4t, Echtzeitverk\u00e4ufe, Umschlagsgeschwindigkeit und sogar Verhaltensdaten f\u00fcr eine bessere Prognose zu kombinieren. Durch diese feinen Projektionen k\u00f6nnen sie ihre Best\u00e4nde an die tats\u00e4chliche Nachfrage anpassen. <\/span><\/p>\t\t\t\t\t\t\t\t<\/div>\n\t\t\t\t<\/div>\n\t\t\t\t<div class=\"elementor-element elementor-element-af40b77 elementor-widget elementor-widget-html\" data-id=\"af40b77\" data-element_type=\"widget\" data-e-type=\"widget\" data-widget_type=\"html.default\">\n\t\t\t\t<div class=\"elementor-widget-container\">\n\t\t\t\t\t<div class=\"hs-cta-embed hs-cta-simple-placeholder hs-cta-embed-212996650233\"\r\nstyle=\"max-width:100%; max-height:100%; width:600px;height:257.6388917529297px\" data-hubspot-wrapper-cta-id=\"212996650233\">\r\n<a href=\"https:\/\/cta-eu1.hubspot.com\/web-interactives\/public\/v1\/track\/redirect?encryptedPayload=AVxigLJm06mu95ZbpUcztg5dBO991yaePM%2FcGWhIJZ%2Bx24VoWr2c6x7sCkA0DKcdEK69rKfbkjgCHMCTa%2BE3FVyMvoc2UeVvHTHQgoyfQLQHTMErkSuHK%2FinQ0SN6ZVgtXr5flnL65QIkS7k%2BjuPnEtgPOgVLZg1%2FbjUGGsIOWOdejdDKtZ%2FQIIoeVPq2eLb67E5DH8CSOxyF9Etqz4o5qt23pdnMOG%2FTN441sV%2BDE%2FlTnM6&webInteractiveContentId=212996650233&portalId=144414462\" target=\"_blank\" rel=\"noopener\" crossorigin=\"anonymous\">\r\n<img decoding=\"async\" alt=\"logo optimix 2025 blanc site-web copie\" loading=\"lazy\" src=\"https:\/\/hubspot-no-cache-eu1-prod.s3.amazonaws.com\/cta\/default\/144414462\/interactive-212996650233.png\" style=\"height: 100%; width: 100%; object-fit: fill\"\r\nonerror=\"this.style.display='none'\" \/>\r\n<\/a>\r\n<\/div>\t\t\t\t<\/div>\n\t\t\t\t<\/div>\n\t\t\t\t\t<\/div>\n\t\t\t\t<\/div>\n\t\t<div class=\"elementor-element elementor-element-2ad27fb e-flex e-con-boxed wpr-particle-no wpr-jarallax-no wpr-parallax-no wpr-sticky-section-no e-con e-parent\" data-id=\"2ad27fb\" data-element_type=\"container\" data-e-type=\"container\">\n\t\t\t\t\t<div class=\"e-con-inner\">\n\t\t\t\t<div class=\"elementor-element elementor-element-9145000 elementor-widget__width-initial elementor-widget elementor-widget-text-editor\" data-id=\"9145000\" data-element_type=\"widget\" data-e-type=\"widget\" data-widget_type=\"text-editor.default\">\n\t\t\t\t<div class=\"elementor-widget-container\">\n\t\t\t\t\t\t\t\t\t<h2><b>Warum entscheiden sich einige Marken f\u00fcr eine Neupositionierung? Die Herausforderung des Preisimages <\/b><\/h2><h3><b>1. Die Wahrnehmung eines &#8222;fairen Preises&#8220; wird durch massive Werbeaktionen geschw\u00e4cht<\/b><\/h3><p><span style=\"font-weight: 400;\">Die H\u00e4ufung von Verkaufsaktionen wie Schlussverk\u00e4ufe, Blitzverk\u00e4ufe, French Days, Privatangebote hat die Wahrnehmung des &#8222;richtigen Preises&#8220; stark ver\u00e4ndert. Der Verbraucher ist besser gewappnet, er vergleicht, analysiert und verfolgt Preis\u00e4nderungen und stellt sich Fragen:   <\/span><i><span style=\"font-weight: 400;\">&#8220; <\/span><\/i><span style=\"font-weight: 400;\">Wenn dieses Produkt heute um 50 % reduziert werden kann, warum wurde es dann gestern zum vollen Preis angeboten?<\/span><i><span style=\"font-weight: 400;\"> &#8222;<\/span><\/i><i><span style=\"font-weight: 400;\"><br><\/span><\/i><span style=\"font-weight: 400;\">Diese Frage f\u00fchrt zu einer Verwischung des Preisbildes. Der Verbraucher wei\u00df nicht mehr wirklich, was der richtige Preis ist. Das Vertrauen in den Preis schwindet und der wahrgenommene Wert des Produkts oder der Marke leidet.  <\/span><\/p><p><span style=\"font-weight: 400;\">Der Black Friday versch\u00e4rft diese Spannung: Er lockt massiv, aber er verleitet auch zu so gro\u00dfen Preisunterschieden, dass die \u00fcblichen Referenzen unklar werden. Durch die Suche nach sofortigen Mengen schw\u00e4chen einige Marken eine Wahrnehmung, die sie \u00fcber Jahre hinweg aufgebaut haben. <\/span><\/p><h3><b>2. Der wahrgenommene Wert: ein Verm\u00f6genswert, den Marken nicht mehr opfern wollen<\/b><\/h3><p><em>&#8222;Wenn die massive K\u00fcrzung ein Bild von geringem Wert vermittelt&#8220;.<\/em><\/p><p data-start=\"288\" data-end=\"668\">Der Preis ist nie nur ein Betrag: Er verk\u00f6rpert die Qualit\u00e4t, das Know-how und die Welt einer Marke. F\u00fcr die Verbraucher ist er ein starker Anhaltspunkt.<br data-start=\"440\" data-end=\"443\">Aus diesem Grund schw\u00e4chen zu starke oder zu oft wiederholte Werbeaktionen sofort den wahrgenommenen Wert: Sie k\u00f6nnen den Eindruck erwecken, dass der urspr\u00fcngliche Preis nicht legitim war oder dass das Produkt sich nicht mehr selbst gen\u00fcgt. <\/p><p data-start=\"670\" data-end=\"1031\">F\u00fcr Premiummarken, engagierte Marken oder Marken mit starker Identit\u00e4t ist dieses Signal sogar noch kritischer. Ihr Versprechen beruht auf Koh\u00e4renz, Vertrauen und einer klaren Positionierung. Eine zu stark schwankende Preisstrategie verwischt diese Aussage, schw\u00e4cht die Glaubw\u00fcrdigkeit und verw\u00e4ssert das differenzierende Image, das sie \u00fcber Jahre hinweg aufgebaut haben.  <\/p>\t\t\t\t\t\t\t\t<\/div>\n\t\t\t\t<\/div>\n\t\t\t\t\t<\/div>\n\t\t\t\t<\/div>\n\t\t<div class=\"elementor-element elementor-element-a8730d3 e-flex e-con-boxed wpr-particle-no wpr-jarallax-no wpr-parallax-no wpr-sticky-section-no e-con e-parent\" data-id=\"a8730d3\" data-element_type=\"container\" data-e-type=\"container\">\n\t\t\t\t\t<div class=\"e-con-inner\">\n\t\t\t\t<div class=\"elementor-element elementor-element-ece6383 elementor-widget elementor-widget-text-editor\" data-id=\"ece6383\" data-element_type=\"widget\" data-e-type=\"widget\" data-widget_type=\"text-editor.default\">\n\t\t\t\t<div class=\"elementor-widget-container\">\n\t\t\t\t\t\t\t\t\t<h3><b>Eine klare Positionierung beibehalten  <\/b><\/h3><p><span style=\"font-weight: 400;\">Immer mehr Einzelh\u00e4ndler entscheiden sich gegen das traditionelle Black Friday-Modell, nicht weil sie sich aus dem Gesch\u00e4ft zur\u00fcckziehen, sondern weil sie <\/span><b>ihre Positionierung es nicht mehr zul\u00e4sst, die Karte des massiven Discounts zu spielen.<\/b><span style=\"font-weight: 400;\">  ohne Inkoh\u00e4renz um ihre Marke herum. Marken, die ein Image aufgebaut haben, das auf Qualit\u00e4t, Nachhaltigkeit, Transparenz oder Servicewert basiert, wissen, dass ein aggressiver Preisnachlass ihre Botschaft verwischt, ihre Glaubw\u00fcrdigkeit schw\u00e4cht und ihr Wertangebot verw\u00e4ssert. <\/span><\/p><p><span style=\"font-weight: 400;\">In Wirklichkeit ist die Weigerung, sich am Black Friday zu beteiligen, keine Distanzierung vom Verbraucher, sondern ein Akt der Koh\u00e4renz. Eine Premium-Marke, eine verantwortungsbewusste Marke oder eine Marke mit einer starken Identit\u00e4t kann nicht von einem Tag auf den anderen drastische Preisnachl\u00e4sse vornehmen, ohne dem zu widersprechen, wof\u00fcr sie steht: einen fairen, konstanten Preis, der mit ihrer Positionierung in Einklang steht. <\/span><\/p><h3><b>Reden und Handeln in Einklang bringen: insbesondere f\u00fcr Marken, die sich der Nachhaltigkeit verpflichtet haben.<\/b><\/h3><p><span style=\"font-weight: 400;\">F\u00fcr Marken, die sich f\u00fcr Nachhaltigkeit engagieren, schafft die Teilnahme am Black Friday eine Dissonanz, die schwer zu verkraften ist. Eine verantwortungsvolle Haltung zu zeigen und gleichzeitig eine Zeit zu unterst\u00fctzen, die mit \u00fcberm\u00e4\u00dfigem Konsum, k\u00fcnstlichen Mengen und Preisdruck verbunden ist, birgt ein gro\u00dfes Risiko: den Verlust der Glaubw\u00fcrdigkeit. <\/span><\/p><p><span style=\"font-weight: 400;\">Es ist daher eine strategische Notwendigkeit, Reden und Handeln in Einklang zu bringen. Einzelh\u00e4ndler, die sich zu Umweltverpflichtungen, nachhaltigen Produktionsprozessen oder einer fairen Preispolitik \u00fcber das ganze Jahr hinweg bekennen, k\u00f6nnen nicht innerhalb weniger Tage eine Vielzahl von Rabatten anbieten, ohne ihrer eigenen Markenerz\u00e4hlung zu widersprechen. <\/span><span style=\"font-weight: 400;\"><br><\/span><span style=\"font-weight: 400;\">Ein aggressiver Black Friday vermittelt dann das Bild einer &#8222;Marketing&#8220;-Nachhaltigkeit ohne wirkliche Tiefe.<\/span><\/p><p><span style=\"font-weight: 400;\">Aus diesem Grund entscheiden sich einige Marken, entweder vom traditionellen Black Friday-Modell abzuweichen oder es neu zu erfinden: Reparatur- und Second-Hand-Aktionen, Transparenztage, \u00d6kodesign, Spenden f\u00fcr Umweltprojekte oder die Verpflichtung, einen fairen Preis ohne k\u00fcnstliche Rabatte zu halten.<\/span><\/p><p><span style=\"font-weight: 400;\">Indem sie diese Koh\u00e4renz \u00fcbernehmen, st\u00e4rken sie :<\/span><\/p><ul><li style=\"font-weight: 400;\" aria-level=\"1\"><span style=\"font-weight: 400;\">das Vertrauen, das ihnen von ihren Kunden entgegengebracht wird,<\/span><\/li><li style=\"font-weight: 400;\" aria-level=\"1\"><span style=\"font-weight: 400;\">die Glaubw\u00fcrdigkeit ihres CSR-Engagements,<\/span><\/li><li style=\"font-weight: 400;\" aria-level=\"1\"><span style=\"font-weight: 400;\">den wahrgenommenen Wert ihrer Produkte,<\/span><\/li><li style=\"font-weight: 400;\" aria-level=\"1\">die St\u00e4rke ihrer langfristigen Positionierung.<\/li><\/ul>\t\t\t\t\t\t\t\t<\/div>\n\t\t\t\t<\/div>\n\t\t\t\t<div class=\"elementor-element elementor-element-c7b7629 elementor-widget elementor-widget-html\" data-id=\"c7b7629\" data-element_type=\"widget\" data-e-type=\"widget\" data-widget_type=\"html.default\">\n\t\t\t\t<div class=\"elementor-widget-container\">\n\t\t\t\t\t<div class=\"hs-cta-embed hs-cta-simple-placeholder hs-cta-embed-213015493872\"\r\nstyle=\"max-width:100%; max-height:100%; width:600px;height:247.22223525878906px\" data-hubspot-wrapper-cta-id=\"213015493872\">\r\n<a href=\"https:\/\/cta-eu1.hubspot.com\/web-interactives\/public\/v1\/track\/redirect?encryptedPayload=AVxigLITUAZGqQ4t5vOR602HZPKTrEPJbCDZCa4mgt4NGD3Rn2mLZVeOBhBlon%2BpvDCn8bi%2F6TlXklNmasvcI7A%2FHR%2FbS%2BgCHQo%2BVdZB6HcRHW9OW0sOM%2FPdPCFHRNtsGKBdVEGNQ8TpukDDv%2BNcmbj2%2B0joWmGW3RZaHlUJB8dsopE2wgewwAb%2FTvjkoyJWFbU8QKx8vY%2FyMMDce7QYs5xIjEW%2FhsE4b%2BD8l1p9yNNOIRgOt%2FEMr%2BsFN4FADVcIfes%3D&webInteractiveContentId=213015493872&portalId=144414462\" target=\"_blank\" rel=\"noopener\" crossorigin=\"anonymous\">\r\n<img decoding=\"async\" alt=\"logo optimix 2025 blanc site-web copie\" loading=\"lazy\" src=\"https:\/\/hubspot-no-cache-eu1-prod.s3.amazonaws.com\/cta\/default\/144414462\/interactive-213015493872.png\" style=\"height: 100%; width: 100%; object-fit: fill\"\r\nonerror=\"this.style.display='none'\" \/>\r\n<\/a>\r\n<\/div>\t\t\t\t<\/div>\n\t\t\t\t<\/div>\n\t\t\t\t\t<\/div>\n\t\t\t\t<\/div>\n\t\t<div class=\"elementor-element elementor-element-e03a777 e-flex e-con-boxed wpr-particle-no wpr-jarallax-no wpr-parallax-no wpr-sticky-section-no e-con e-parent\" data-id=\"e03a777\" data-element_type=\"container\" data-e-type=\"container\">\n\t\t\t\t\t<div class=\"e-con-inner\">\n\t\t\t\t<div class=\"elementor-element elementor-element-b5a3740 elementor-widget elementor-widget-text-editor\" data-id=\"b5a3740\" data-element_type=\"widget\" data-e-type=\"widget\" data-widget_type=\"text-editor.default\">\n\t\t\t\t<div class=\"elementor-widget-container\">\n\t\t\t\t\t\t\t\t\t<h2><b>Erwartungen der Verbraucher an den Black Friday<\/b><\/h2><p><span style=\"font-weight: 400;\">Wir leben heute in einem Zeitalter des sofortigen Vergleichs. Innerhalb von Sekunden kann ein Kunde auf Dutzende von Preisen, Historien und Meinungen zugreifen. Marktpl\u00e4tze tragen wesentlich zu dieser radikalen Transparenz bei, wodurch jede Preisinkonsistenz sofort sichtbar wird. Die kleinste ungerechtfertigte Abweichung wird zu einem \u00c4rgernis oder sogar zu einem Grund f\u00fcr Misstrauen.   <\/span><\/p><p><span style=\"font-weight: 400;\">Gleichzeitig wird die Kritik an Hyper-Promotion-Modellen immer lauter. Debatten \u00fcber \u00fcberm\u00e4\u00dfigen Konsum, Fast Retail, Just-in-time-Produktion und k\u00fcnstliche Rabatte werden immer h\u00e4ufiger in der \u00f6ffentlichen Arena gef\u00fchrt. Dieses Bewusstsein f\u00fchrt dazu, dass einige Verbraucher den Black Friday nicht mehr als eine Gelegenheit, sondern als ein Symbol f\u00fcr Exzesse betrachten.  <\/span><span style=\"font-weight: 400;\"><br><\/span><span style=\"font-weight: 400;\">  Sie w\u00e4hlen Marken, die mit ihren \u00dcberzeugungen \u00fcbereinstimmen, langfristig konsistent sind und eine transparente Preispolitik verfolgen. Diese Entwicklung ver\u00e4ndert die allgemeine Wahrnehmung von Marken. <\/span><\/p><p>Was die Verbraucher suchen :<\/p><ul><li style=\"font-weight: 400;\" aria-level=\"1\"><p>Die Qualit\u00e4t des gesamten Erlebnisses, ohne Reibung, vom Standort bis zum Check-out<\/p><\/li><li style=\"font-weight: 400;\" aria-level=\"1\"><p>Gezielte, klare und n\u00fctzliche Promotionen  <\/p><\/li><li style=\"font-weight: 400;\" aria-level=\"1\"><p>Echte Verf\u00fcgbarkeit: kein falsches Schn\u00e4ppchen, das nach 15 Minuten ausverkauft ist.<\/p><\/li><li style=\"font-weight: 400;\" aria-level=\"1\"><p>Transparenz \u00fcber die Herkunft der Produkte und die Rechtfertigung der Preise<\/p><\/li><li style=\"font-weight: 400;\" aria-level=\"1\"><p>Zuverl\u00e4ssige Lieferung mit ehrlich angek\u00fcndigten Fristen<\/p><\/li><li style=\"font-weight: 400;\" aria-level=\"1\"><p>Ein reaktiver Kundenservice, insbesondere in einer sensiblen Zeit<\/p><\/li><\/ul>\t\t\t\t\t\t\t\t<\/div>\n\t\t\t\t<\/div>\n\t\t\t\t\t<\/div>\n\t\t\t\t<\/div>\n\t\t<div class=\"elementor-element elementor-element-05d19b5 e-flex e-con-boxed wpr-particle-no wpr-jarallax-no wpr-parallax-no wpr-sticky-section-no e-con e-parent\" data-id=\"05d19b5\" data-element_type=\"container\" data-e-type=\"container\">\n\t\t\t\t\t<div class=\"e-con-inner\">\n\t\t\t\t<div class=\"elementor-element elementor-element-fb73f45 elementor-widget elementor-widget-text-editor\" data-id=\"fb73f45\" data-element_type=\"widget\" data-e-type=\"widget\" data-widget_type=\"text-editor.default\">\n\t\t\t\t<div class=\"elementor-widget-container\">\n\t\t\t\t\t\t\t\t\t<h2><b>Black Friday: Neue Strategien, um das Preisimage der Marken zu kontrollieren  <\/b><\/h2><h3><b>Exklusive Vorteile: Mischen<\/b><b>Auf Wert statt auf Reduzierung setzen<\/b><\/h3><p><span style=\"font-weight: 400;\">Angesichts dieser Herausforderungen erfinden viele Marken die Art und Weise, wie sie den Black Friday angehen, neu. Ihr Ziel ist es nicht mehr, Rekorde bei den Rabatten zu brechen, sondern ihr Preisimage und ihre Kundenbeziehungen zu bewahren. <\/span><\/p><p><span style=\"font-weight: 400;\">Die Ablehnung des Preiskriegs wird zu einem starken Akt. Es ist die Best\u00e4tigung, dass die Preise durchdacht, ehrlich und so gestaltet sind, dass sie den wahren Wert des Produkts widerspiegeln. Diese Haltung st\u00e4rkt die wahrgenommene Stabilit\u00e4t und zieht ein weniger opportunistisches, loyaleres Verbraucherprofil an.  <\/span><\/p><p><span style=\"font-weight: 400;\">Andere Marken entscheiden sich daf\u00fcr, ihr Angebot nicht auf den Preisnachlass, sondern auf den Mehrwert auszurichten. Sie bevorzugen differenzierende Dienstleistungen wie kostenlose Lieferung, Personalisierung, fachm\u00e4nnische Begleitung oder Beziehungsvorteile wie fr\u00fcheren Zugang, Treueprivilegien, exklusive Inhalte. Einige entscheiden sich f\u00fcr Bundles, die ein erweitertes Wertangebot anstelle eines einfachen Rabatts hervorheben sollen.  <\/span><\/p><p><span style=\"font-weight: 400;\">Der Preis wird zu einer Identit\u00e4tsachse. Ein Zeichen der Seriosit\u00e4t. Ein Beweis f\u00fcr Koh\u00e4renz. In dieser Logik ist der Black Friday nicht mehr ein Moment der Unterbrechung, sondern eine Zeit des Handels, die perfekt in eine globale Strategie integriert ist.   <\/span><\/p><h3><b>Alternativen zum Black Friday: Auf dem Weg zu einem verantwortungsvolleren und wertsch\u00e4tzenderen Handel<\/b><\/h3><p><span style=\"font-weight: 400;\">Angesichts der Risiken, die mit massiven Discounts verbunden sind &#8211; Verlust des wahrgenommenen Wertes, Preisinkonsistenz, Schw\u00e4chung des Preisimages &#8211; \u00fcberdenken viele Marken ihren Ansatz und suchen nach glaubw\u00fcrdigen Alternativen zum traditionellen Black Friday. Diese Initiativen zielen darauf ab, die Markenkoh\u00e4renz zu wahren, die Kundenbindung zu st\u00e4rken und soziale oder \u00f6kologische Werte in das Einkaufserlebnis zu integrieren. <\/span><\/p><p><strong>1. Green Friday: Nachhaltigkeit als Hebel<\/strong><\/p><p><span style=\"font-weight: 400;\">Der Green Friday ist eine direkte Reaktion auf die Exzesse des klassischen Black Friday. Er legt den Schwerpunkt auf vern\u00fcnftigen Konsum und Nachhaltigkeit: verantwortungsvolle Produkte, Second Life, Reparierbarkeit oder Initiativen zum CO2-Ausgleich. Anstatt Produkte zu verschleudern, werten die Marken ihre reduzierten Umweltauswirkungen auf und demonstrieren ein glaubw\u00fcrdiges Engagement gegen\u00fcber CSR-bewussten Verbrauchern.  <\/span><\/p><p><strong>2. Black for Good: Handel und solidarisches Engagement<\/strong><\/p><p><span style=\"font-weight: 400;\">Einige Einzelh\u00e4ndler haben sich entschieden, die Veranstaltung in einen Hebel f\u00fcr soziale Aktionen umzuwandeln. Black for Good kombiniert Verkauf und Spenden und spendet einen Teil des Umsatzes f\u00fcr wohlt\u00e4tige Zwecke. Dieser Ansatz schafft einen doppelten Nutzen: Er generiert Einnahmen und st\u00e4rkt gleichzeitig das Image einer verantwortungsbewussten und engagierten Marke, wodurch das Marketing und die Unternehmenswerte in Einklang gebracht werden.  <\/span><\/p><p><strong>3. Blue Friday: Vern\u00fcnftige und ethische Werbung<\/strong><\/p><p><span style=\"font-weight: 400;\">Der Blue Friday konzentriert sich auf ma\u00dfvolle und gerechtfertigte Sonderangebote, die oft mit ethischen Initiativen oder einer transparenten Preiskommunikation einhergehen. Das Ziel ist es, den wahrgenommenen Wert zu erhalten und gleichzeitig zur Handelsdynamik beizutragen, ohne das Preisimage oder die Glaubw\u00fcrdigkeit zu opfern. <\/span><\/p><p><strong>4. Beauty Days und Erlebnisveranstaltungen<\/strong><\/p><p><span style=\"font-weight: 400;\">Einige Marken, insbesondere in den Bereichen Sch\u00f6nheit, Mode und Lifestyle, verlagern den Schwerpunkt von Rabatten auf das Kundenerlebnis. Beauty Days, VIP-Tage oder exklusive Veranstaltungen bieten Premium-Dienstleistungen, pers\u00f6nliche Beratung, Workshops oder Treuevorteile und stellen den Mehrwert in den Mittelpunkt der Gesch\u00e4ftsstrategie. Der Preis wird zweitrangig und es ist die Erfahrung und die Kundenbeziehung, die die Attraktivit\u00e4t schafft.  <\/span><\/p><p><strong>5. Mehrwertangebote und Bundles<\/strong><\/p><p><span style=\"font-weight: 400;\">Eine weitere Alternative besteht darin, anstelle von einfachen Rabatten Paketangebote oder Inklusivleistungen anzubieten. Kostenlose Lieferung, \u00c4nderungen, Personalisierung, zus\u00e4tzliche Produkte oder exklusive Inhalte bereichern die Gesamtwahrnehmung, w\u00e4hrend die Preisgestaltung konsistent bleibt. <\/span><\/p>\t\t\t\t\t\t\t\t<\/div>\n\t\t\t\t<\/div>\n\t\t\t\t<div class=\"elementor-element elementor-element-6ca68ad elementor-widget elementor-widget-html\" data-id=\"6ca68ad\" data-element_type=\"widget\" data-e-type=\"widget\" data-widget_type=\"html.default\">\n\t\t\t\t<div class=\"elementor-widget-container\">\n\t\t\t\t\t<div class=\"hs-cta-embed hs-cta-simple-placeholder hs-cta-embed-213015494851\"\r\nstyle=\"max-width:100%; max-height:100%; width:600px;height:246.21529250976562px\" data-hubspot-wrapper-cta-id=\"213015494851\">\r\n<a href=\"https:\/\/cta-eu1.hubspot.com\/web-interactives\/public\/v1\/track\/redirect?encryptedPayload=AVxigLJXE%2F790cCVzYMQnyDL1hOyWajS%2BucVRQz%2F7TaRfuxWCimvAigzJ2JbFxg72lCOfJVQLdqZW9uktEm%2F11TEZxUxvx7Ve%2BZV9dACDT0vZGbDMWVkqbCmUXq0wFTBMB8RJVUo4%2FhzHT9zs5jhzLAPY%2BxWcvvhvVynaukTUw2iK%2BGS%2BH1IjlIikM5ZwfQIx%2BIBL8O8LJA%2Fc0vSNA1YOkhCtsVkbFMHXMaoW0zB7lCl453YZewShhH%2F0Yw%3D&webInteractiveContentId=213015494851&portalId=144414462\" target=\"_blank\" rel=\"noopener\" crossorigin=\"anonymous\">\r\n<img decoding=\"async\" alt=\"logo optimix 2025 blanc site-web copie\" loading=\"lazy\" src=\"https:\/\/hubspot-no-cache-eu1-prod.s3.amazonaws.com\/cta\/default\/144414462\/interactive-213015494851.png\" style=\"height: 100%; width: 100%; object-fit: fill\"\r\nonerror=\"this.style.display='none'\" \/>\r\n<\/a>\r\n<\/div>\t\t\t\t<\/div>\n\t\t\t\t<\/div>\n\t\t\t\t\t<\/div>\n\t\t\t\t<\/div>\n\t\t<div class=\"elementor-element elementor-element-31bd85f e-flex e-con-boxed wpr-particle-no wpr-jarallax-no wpr-parallax-no wpr-sticky-section-no e-con e-parent\" data-id=\"31bd85f\" data-element_type=\"container\" data-e-type=\"container\">\n\t\t\t\t\t<div class=\"e-con-inner\">\n\t\t\t\t<div class=\"elementor-element elementor-element-a1f3b61 elementor-widget elementor-widget-text-editor\" data-id=\"a1f3b61\" data-element_type=\"widget\" data-e-type=\"widget\" data-widget_type=\"text-editor.default\">\n\t\t\t\t<div class=\"elementor-widget-container\">\n\t\t\t\t\t\t\t\t\t<h2><b>Black Friday und Preisimage: Beherrschung des Ereignisses zur St\u00e4rkung des Kundenvertrauens<\/b><\/h2><p><span style=\"font-weight: 400;\">Der Black Friday ist nicht nur ein Discount-Angebot mit massiven Preisnachl\u00e4ssen, sondern auch eine echte operative und strategische Herausforderung. Er stellt die Lagerverwaltung, die Preisreife und die globale Konsistenz der Markenpositionierung auf die Probe. Jeder Preisbruch, \u00dcberhang oder jede Inkoh\u00e4renz kann das Preisimage und den wahrgenommenen Wert nachhaltig beeinflussen. Erfolgreiche Einzelh\u00e4ndler haben verstanden, dass der Erfolg nicht mehr nur auf dem generierten Umsatz beruht, sondern auf der F\u00e4higkeit, Marketing, Logistik und Supply Chain zu synchronisieren und dabei die Glaubw\u00fcrdigkeit der Marke zu bewahren.   <\/span><\/p><p><span style=\"font-weight: 400;\">In diesem Zusammenhang gibt es immer mehr Alternativen zum traditionellen Black Friday, die einen neuen strategischen Ansatz verk\u00f6rpern: der Green Friday, der den Schwerpunkt auf Nachhaltigkeit und vern\u00fcnftigen Konsum legt; die Beauty Days, die Erfahrung und Beratung anstelle von Rabatten in den Vordergrund stellen; der Blue Friday, der Werbeangebote mit ethischen Aktionen verbindet; oder der Black for Good, der kommerzielle Veranstaltungen mit verantwortungsvollen und solidarischen Initiativen verkn\u00fcpft. Diese Bewegungen erm\u00f6glichen es den Marken, ihr Preisimage zu bewahren, das Vertrauen der Kunden zu st\u00e4rken und ihre Position zu behaupten, ohne sich der Jagd nach Rabatten hinzugeben. <\/span><\/p><p><span style=\"font-weight: 400;\">F\u00fcr Einzelh\u00e4ndler bedeutet die Bew\u00e4ltigung des Black Friday heute weit mehr als nur Sonderangebote: Es geht darum, eine pr\u00e4zise Steuerung zu implementieren, die Verf\u00fcgbarkeit der Produkte zu sichern, eine konsistente Kundenerfahrung aufzubauen und die \u00dcbereinstimmung von Worten und Taten zu demonstrieren. Marken, die diesen Ansatz verfolgen, verwandeln den Black Friday in eine Zeit der Wertsteigerung und Differenzierung, in der Preis, Qualit\u00e4t und Engagement wichtiger sind als das reine Verkaufsvolumen. <\/span><\/p>\t\t\t\t\t\t\t\t<\/div>\n\t\t\t\t<\/div>\n\t\t\t\t\t<\/div>\n\t\t\t\t<\/div>\n\t\t<div class=\"elementor-element elementor-element-caf35a7 e-flex e-con-boxed wpr-particle-no wpr-jarallax-no wpr-parallax-no wpr-sticky-section-no e-con e-parent\" data-id=\"caf35a7\" data-element_type=\"container\" data-e-type=\"container\">\n\t\t\t\t\t<div class=\"e-con-inner\">\n\t\t\t\t<div class=\"elementor-element elementor-element-04e6fb3 elementor-widget elementor-widget-html\" data-id=\"04e6fb3\" data-element_type=\"widget\" data-e-type=\"widget\" data-widget_type=\"html.default\">\n\t\t\t\t<div class=\"elementor-widget-container\">\n\t\t\t\t\t<div class=\"hs-cta-embed hs-cta-simple-placeholder hs-cta-embed-212996648169\"\r\nstyle=\"max-width:100%; max-height:100%; width:600px;height:256.48612075683593px\" data-hubspot-wrapper-cta-id=\"212996648169\">\r\n<a href=\"https:\/\/cta-eu1.hubspot.com\/web-interactives\/public\/v1\/track\/redirect?encryptedPayload=AVxigLLdPgLrNL9h3Ukz%2BhWyToaYb7zq9%2FxJrlhudKr5qjuWbwQ40r2CN0HrYc6e9k68ZUIZ9YQpxF7JDWhw5V6pt832EoPF7c76bgr4QjGrrCPENkKK4NqXmPWwOKi75Gzy0oF7eld%2F9ADT%2FLItymDhlpd4blRgaC7y%2BWY4x0%2FE9Y4gU%2F2wN8%2BQf%2FbcC1PIJ3FNKjq4ce9VqQ%3D%3D&webInteractiveContentId=212996648169&portalId=144414462\" target=\"_blank\" rel=\"noopener\" crossorigin=\"anonymous\">\r\n<img decoding=\"async\" alt=\"logo optimix 2025 blanc site-web copie\" loading=\"lazy\" src=\"https:\/\/hubspot-no-cache-eu1-prod.s3.amazonaws.com\/cta\/default\/144414462\/interactive-212996648169.png\" style=\"height: 100%; width: 100%; object-fit: fill\"\r\nonerror=\"this.style.display='none'\" \/>\r\n<\/a>\r\n<\/div>\t\t\t\t<\/div>\n\t\t\t\t<\/div>\n\t\t\t\t\t<\/div>\n\t\t\t\t<\/div>\n\t\t\t\t<\/div>\n\t\t","protected":false},"excerpt":{"rendered":"<p>Der Black Friday 2025 markiert einen Wendepunkt: Marken \u00fcberdenken ihr Preisimage und st\u00e4rken den wahrgenommenen Wert, um Kunden anzuziehen, ohne die Rentabilit\u00e4t zu opfern. Entdecken Sie die neuen erfolgreichen Strategien. <\/p>\n","protected":false},"author":19,"featured_media":66828,"comment_status":"closed","ping_status":"closed","sticky":false,"template":"","format":"standard","meta":{"_eb_attr":"","content-type":"","footnotes":""},"categories":[239],"tags":[301,240],"class_list":["post-66838","post","type-post","status-publish","format-standard","has-post-thumbnail","hentry","category-preisgestaltung","tag-artikel-cta","tag-preisgestaltung"],"yoast_head":"<!-- This site is optimized with the Yoast SEO Premium plugin v22.8 (Yoast SEO v27.2) - https:\/\/yoast.com\/product\/yoast-seo-premium-wordpress\/ -->\n<title>Black Friday 2025<\/title>\n<meta name=\"description\" content=\"Black Friday 2025: Das Preisimage und der wahrgenommene Wert werden entscheidend. Erfahren Sie, wie Marken ihre Strategien anpassen, um wettbewerbsf\u00e4hig zu bleiben.\" \/>\n<meta name=\"robots\" content=\"index, follow, max-snippet:-1, max-image-preview:large, max-video-preview:-1\" \/>\n<link rel=\"canonical\" href=\"https:\/\/optimix-software.com\/de\/blog\/preisgestaltung\/black-friday-2025-wie-das-preisimage-und-der-wahrgenommene-wert-die-markenstrategien-neu-gestalten\/\" \/>\n<meta property=\"og:locale\" content=\"de_DE\" \/>\n<meta property=\"og:type\" content=\"article\" \/>\n<meta property=\"og:title\" content=\"Black Friday 2025: Wie das Preisimage und der wahrgenommene Wert die Markenstrategien neu gestalten\" \/>\n<meta property=\"og:description\" content=\"Black Friday 2025: Das Preisimage und der wahrgenommene Wert werden entscheidend. Erfahren Sie, wie Marken ihre Strategien anpassen, um wettbewerbsf\u00e4hig zu bleiben.\" \/>\n<meta property=\"og:url\" content=\"https:\/\/optimix-software.com\/de\/blog\/preisgestaltung\/black-friday-2025-wie-das-preisimage-und-der-wahrgenommene-wert-die-markenstrategien-neu-gestalten\/\" \/>\n<meta property=\"og:site_name\" content=\"Optimix Solutions\" \/>\n<meta property=\"article:published_time\" content=\"2025-11-25T15:33:04+00:00\" \/>\n<meta property=\"article:modified_time\" content=\"2025-11-26T13:10:29+00:00\" \/>\n<meta property=\"og:image\" content=\"https:\/\/optimix-software.com\/wp-content\/uploads\/Black-Friday-2025-image-prix-valeur-percue-optimix-solutions-1.webp\" \/>\n\t<meta property=\"og:image:width\" content=\"1600\" \/>\n\t<meta property=\"og:image:height\" content=\"900\" \/>\n\t<meta property=\"og:image:type\" content=\"image\/webp\" \/>\n<meta name=\"author\" content=\"Carla Gonzalez\" \/>\n<meta name=\"twitter:card\" content=\"summary_large_image\" \/>\n<meta name=\"twitter:label1\" content=\"Verfasst von\" \/>\n\t<meta name=\"twitter:data1\" content=\"Carla Gonzalez\" \/>\n\t<meta name=\"twitter:label2\" content=\"Gesch\u00e4tzte Lesezeit\" \/>\n\t<meta name=\"twitter:data2\" content=\"13\u00a0Minuten\" \/>\n<script type=\"application\/ld+json\" class=\"yoast-schema-graph\">{\"@context\":\"https:\/\/schema.org\",\"@graph\":[{\"@type\":\"Article\",\"@id\":\"https:\/\/optimix-software.com\/de\/blog\/preisgestaltung\/black-friday-2025-wie-das-preisimage-und-der-wahrgenommene-wert-die-markenstrategien-neu-gestalten\/#article\",\"isPartOf\":{\"@id\":\"https:\/\/optimix-software.com\/de\/blog\/preisgestaltung\/black-friday-2025-wie-das-preisimage-und-der-wahrgenommene-wert-die-markenstrategien-neu-gestalten\/\"},\"author\":{\"name\":\"Carla Gonzalez\",\"@id\":\"https:\/\/optimix-software.com\/de\/#\/schema\/person\/1f05483bf14941498b0642f62feb8390\"},\"headline\":\"Black Friday 2025: Wie das Preisimage und der wahrgenommene Wert die Markenstrategien neu gestalten\",\"datePublished\":\"2025-11-25T15:33:04+00:00\",\"dateModified\":\"2025-11-26T13:10:29+00:00\",\"mainEntityOfPage\":{\"@id\":\"https:\/\/optimix-software.com\/de\/blog\/preisgestaltung\/black-friday-2025-wie-das-preisimage-und-der-wahrgenommene-wert-die-markenstrategien-neu-gestalten\/\"},\"wordCount\":2243,\"publisher\":{\"@id\":\"https:\/\/optimix-software.com\/de\/#organization\"},\"image\":{\"@id\":\"https:\/\/optimix-software.com\/de\/blog\/preisgestaltung\/black-friday-2025-wie-das-preisimage-und-der-wahrgenommene-wert-die-markenstrategien-neu-gestalten\/#primaryimage\"},\"thumbnailUrl\":\"https:\/\/optimix-software.com\/wp-content\/uploads\/Black-Friday-2025-image-prix-valeur-percue-optimix-solutions-1.webp\",\"keywords\":[\"Artikel CTA\",\"Preisgestaltung\"],\"articleSection\":[\"Preisgestaltung\"],\"inLanguage\":\"de\"},{\"@type\":\"WebPage\",\"@id\":\"https:\/\/optimix-software.com\/de\/blog\/preisgestaltung\/black-friday-2025-wie-das-preisimage-und-der-wahrgenommene-wert-die-markenstrategien-neu-gestalten\/\",\"url\":\"https:\/\/optimix-software.com\/de\/blog\/preisgestaltung\/black-friday-2025-wie-das-preisimage-und-der-wahrgenommene-wert-die-markenstrategien-neu-gestalten\/\",\"name\":\"Black Friday 2025\",\"isPartOf\":{\"@id\":\"https:\/\/optimix-software.com\/de\/#website\"},\"primaryImageOfPage\":{\"@id\":\"https:\/\/optimix-software.com\/de\/blog\/preisgestaltung\/black-friday-2025-wie-das-preisimage-und-der-wahrgenommene-wert-die-markenstrategien-neu-gestalten\/#primaryimage\"},\"image\":{\"@id\":\"https:\/\/optimix-software.com\/de\/blog\/preisgestaltung\/black-friday-2025-wie-das-preisimage-und-der-wahrgenommene-wert-die-markenstrategien-neu-gestalten\/#primaryimage\"},\"thumbnailUrl\":\"https:\/\/optimix-software.com\/wp-content\/uploads\/Black-Friday-2025-image-prix-valeur-percue-optimix-solutions-1.webp\",\"datePublished\":\"2025-11-25T15:33:04+00:00\",\"dateModified\":\"2025-11-26T13:10:29+00:00\",\"description\":\"Black Friday 2025: Das Preisimage und der wahrgenommene Wert werden entscheidend. Erfahren Sie, wie Marken ihre Strategien anpassen, um wettbewerbsf\u00e4hig zu bleiben.\",\"breadcrumb\":{\"@id\":\"https:\/\/optimix-software.com\/de\/blog\/preisgestaltung\/black-friday-2025-wie-das-preisimage-und-der-wahrgenommene-wert-die-markenstrategien-neu-gestalten\/#breadcrumb\"},\"inLanguage\":\"de\",\"potentialAction\":[{\"@type\":\"ReadAction\",\"target\":[\"https:\/\/optimix-software.com\/de\/blog\/preisgestaltung\/black-friday-2025-wie-das-preisimage-und-der-wahrgenommene-wert-die-markenstrategien-neu-gestalten\/\"]}]},{\"@type\":\"ImageObject\",\"inLanguage\":\"de\",\"@id\":\"https:\/\/optimix-software.com\/de\/blog\/preisgestaltung\/black-friday-2025-wie-das-preisimage-und-der-wahrgenommene-wert-die-markenstrategien-neu-gestalten\/#primaryimage\",\"url\":\"https:\/\/optimix-software.com\/wp-content\/uploads\/Black-Friday-2025-image-prix-valeur-percue-optimix-solutions-1.webp\",\"contentUrl\":\"https:\/\/optimix-software.com\/wp-content\/uploads\/Black-Friday-2025-image-prix-valeur-percue-optimix-solutions-1.webp\",\"width\":1600,\"height\":900},{\"@type\":\"BreadcrumbList\",\"@id\":\"https:\/\/optimix-software.com\/de\/blog\/preisgestaltung\/black-friday-2025-wie-das-preisimage-und-der-wahrgenommene-wert-die-markenstrategien-neu-gestalten\/#breadcrumb\",\"itemListElement\":[{\"@type\":\"ListItem\",\"position\":1,\"name\":\"Startseite\",\"item\":\"https:\/\/optimix-software.com\/de\/\"},{\"@type\":\"ListItem\",\"position\":2,\"name\":\"Black Friday 2025: Wie das Preisimage und der wahrgenommene Wert die Markenstrategien neu gestalten\"}]},{\"@type\":\"WebSite\",\"@id\":\"https:\/\/optimix-software.com\/de\/#website\",\"url\":\"https:\/\/optimix-software.com\/de\/\",\"name\":\"Optimix Solutions\",\"description\":\"Preis- und Lieferkettenl\u00f6sungen f\u00fcr den Einzelhandel\",\"publisher\":{\"@id\":\"https:\/\/optimix-software.com\/de\/#organization\"},\"potentialAction\":[{\"@type\":\"SearchAction\",\"target\":{\"@type\":\"EntryPoint\",\"urlTemplate\":\"https:\/\/optimix-software.com\/de\/?s={search_term_string}\"},\"query-input\":{\"@type\":\"PropertyValueSpecification\",\"valueRequired\":true,\"valueName\":\"search_term_string\"}}],\"inLanguage\":\"de\"},{\"@type\":\"Organization\",\"@id\":\"https:\/\/optimix-software.com\/de\/#organization\",\"name\":\"Optimix Software\",\"url\":\"https:\/\/optimix-software.com\/de\/\",\"logo\":{\"@type\":\"ImageObject\",\"inLanguage\":\"de\",\"@id\":\"https:\/\/optimix-software.com\/de\/#\/schema\/logo\/image\/\",\"url\":\"https:\/\/optimix-software.com\/wp-content\/uploads\/logo-carre-optimix-RETAIL-PERFORMANCE-SOFTWARE.jpg\",\"contentUrl\":\"https:\/\/optimix-software.com\/wp-content\/uploads\/logo-carre-optimix-RETAIL-PERFORMANCE-SOFTWARE.jpg\",\"width\":2001,\"height\":2001,\"caption\":\"Optimix Software\"},\"image\":{\"@id\":\"https:\/\/optimix-software.com\/de\/#\/schema\/logo\/image\/\"},\"sameAs\":[\"https:\/\/www.linkedin.com\/company\/optimix-ffr\/\"]},{\"@type\":\"Person\",\"@id\":\"https:\/\/optimix-software.com\/de\/#\/schema\/person\/1f05483bf14941498b0642f62feb8390\",\"name\":\"Carla Gonzalez\"}]}<\/script>\n<!-- \/ Yoast SEO Premium plugin. -->","yoast_head_json":{"title":"Black Friday 2025","description":"Black Friday 2025: Das Preisimage und der wahrgenommene Wert werden entscheidend. Erfahren Sie, wie Marken ihre Strategien anpassen, um wettbewerbsf\u00e4hig zu bleiben.","robots":{"index":"index","follow":"follow","max-snippet":"max-snippet:-1","max-image-preview":"max-image-preview:large","max-video-preview":"max-video-preview:-1"},"canonical":"https:\/\/optimix-software.com\/de\/blog\/preisgestaltung\/black-friday-2025-wie-das-preisimage-und-der-wahrgenommene-wert-die-markenstrategien-neu-gestalten\/","og_locale":"de_DE","og_type":"article","og_title":"Black Friday 2025: Wie das Preisimage und der wahrgenommene Wert die Markenstrategien neu gestalten","og_description":"Black Friday 2025: Das Preisimage und der wahrgenommene Wert werden entscheidend. Erfahren Sie, wie Marken ihre Strategien anpassen, um wettbewerbsf\u00e4hig zu bleiben.","og_url":"https:\/\/optimix-software.com\/de\/blog\/preisgestaltung\/black-friday-2025-wie-das-preisimage-und-der-wahrgenommene-wert-die-markenstrategien-neu-gestalten\/","og_site_name":"Optimix Solutions","article_published_time":"2025-11-25T15:33:04+00:00","article_modified_time":"2025-11-26T13:10:29+00:00","og_image":[{"width":1600,"height":900,"url":"https:\/\/optimix-software.com\/wp-content\/uploads\/Black-Friday-2025-image-prix-valeur-percue-optimix-solutions-1.webp","type":"image\/webp"}],"author":"Carla Gonzalez","twitter_card":"summary_large_image","twitter_misc":{"Verfasst von":"Carla Gonzalez","Gesch\u00e4tzte Lesezeit":"13\u00a0Minuten"},"schema":{"@context":"https:\/\/schema.org","@graph":[{"@type":"Article","@id":"https:\/\/optimix-software.com\/de\/blog\/preisgestaltung\/black-friday-2025-wie-das-preisimage-und-der-wahrgenommene-wert-die-markenstrategien-neu-gestalten\/#article","isPartOf":{"@id":"https:\/\/optimix-software.com\/de\/blog\/preisgestaltung\/black-friday-2025-wie-das-preisimage-und-der-wahrgenommene-wert-die-markenstrategien-neu-gestalten\/"},"author":{"name":"Carla Gonzalez","@id":"https:\/\/optimix-software.com\/de\/#\/schema\/person\/1f05483bf14941498b0642f62feb8390"},"headline":"Black Friday 2025: Wie das Preisimage und der wahrgenommene Wert die Markenstrategien neu gestalten","datePublished":"2025-11-25T15:33:04+00:00","dateModified":"2025-11-26T13:10:29+00:00","mainEntityOfPage":{"@id":"https:\/\/optimix-software.com\/de\/blog\/preisgestaltung\/black-friday-2025-wie-das-preisimage-und-der-wahrgenommene-wert-die-markenstrategien-neu-gestalten\/"},"wordCount":2243,"publisher":{"@id":"https:\/\/optimix-software.com\/de\/#organization"},"image":{"@id":"https:\/\/optimix-software.com\/de\/blog\/preisgestaltung\/black-friday-2025-wie-das-preisimage-und-der-wahrgenommene-wert-die-markenstrategien-neu-gestalten\/#primaryimage"},"thumbnailUrl":"https:\/\/optimix-software.com\/wp-content\/uploads\/Black-Friday-2025-image-prix-valeur-percue-optimix-solutions-1.webp","keywords":["Artikel CTA","Preisgestaltung"],"articleSection":["Preisgestaltung"],"inLanguage":"de"},{"@type":"WebPage","@id":"https:\/\/optimix-software.com\/de\/blog\/preisgestaltung\/black-friday-2025-wie-das-preisimage-und-der-wahrgenommene-wert-die-markenstrategien-neu-gestalten\/","url":"https:\/\/optimix-software.com\/de\/blog\/preisgestaltung\/black-friday-2025-wie-das-preisimage-und-der-wahrgenommene-wert-die-markenstrategien-neu-gestalten\/","name":"Black Friday 2025","isPartOf":{"@id":"https:\/\/optimix-software.com\/de\/#website"},"primaryImageOfPage":{"@id":"https:\/\/optimix-software.com\/de\/blog\/preisgestaltung\/black-friday-2025-wie-das-preisimage-und-der-wahrgenommene-wert-die-markenstrategien-neu-gestalten\/#primaryimage"},"image":{"@id":"https:\/\/optimix-software.com\/de\/blog\/preisgestaltung\/black-friday-2025-wie-das-preisimage-und-der-wahrgenommene-wert-die-markenstrategien-neu-gestalten\/#primaryimage"},"thumbnailUrl":"https:\/\/optimix-software.com\/wp-content\/uploads\/Black-Friday-2025-image-prix-valeur-percue-optimix-solutions-1.webp","datePublished":"2025-11-25T15:33:04+00:00","dateModified":"2025-11-26T13:10:29+00:00","description":"Black Friday 2025: Das Preisimage und der wahrgenommene Wert werden entscheidend. Erfahren Sie, wie Marken ihre Strategien anpassen, um wettbewerbsf\u00e4hig zu bleiben.","breadcrumb":{"@id":"https:\/\/optimix-software.com\/de\/blog\/preisgestaltung\/black-friday-2025-wie-das-preisimage-und-der-wahrgenommene-wert-die-markenstrategien-neu-gestalten\/#breadcrumb"},"inLanguage":"de","potentialAction":[{"@type":"ReadAction","target":["https:\/\/optimix-software.com\/de\/blog\/preisgestaltung\/black-friday-2025-wie-das-preisimage-und-der-wahrgenommene-wert-die-markenstrategien-neu-gestalten\/"]}]},{"@type":"ImageObject","inLanguage":"de","@id":"https:\/\/optimix-software.com\/de\/blog\/preisgestaltung\/black-friday-2025-wie-das-preisimage-und-der-wahrgenommene-wert-die-markenstrategien-neu-gestalten\/#primaryimage","url":"https:\/\/optimix-software.com\/wp-content\/uploads\/Black-Friday-2025-image-prix-valeur-percue-optimix-solutions-1.webp","contentUrl":"https:\/\/optimix-software.com\/wp-content\/uploads\/Black-Friday-2025-image-prix-valeur-percue-optimix-solutions-1.webp","width":1600,"height":900},{"@type":"BreadcrumbList","@id":"https:\/\/optimix-software.com\/de\/blog\/preisgestaltung\/black-friday-2025-wie-das-preisimage-und-der-wahrgenommene-wert-die-markenstrategien-neu-gestalten\/#breadcrumb","itemListElement":[{"@type":"ListItem","position":1,"name":"Startseite","item":"https:\/\/optimix-software.com\/de\/"},{"@type":"ListItem","position":2,"name":"Black Friday 2025: Wie das Preisimage und der wahrgenommene Wert die Markenstrategien neu gestalten"}]},{"@type":"WebSite","@id":"https:\/\/optimix-software.com\/de\/#website","url":"https:\/\/optimix-software.com\/de\/","name":"Optimix Solutions","description":"Preis- und Lieferkettenl\u00f6sungen f\u00fcr den Einzelhandel","publisher":{"@id":"https:\/\/optimix-software.com\/de\/#organization"},"potentialAction":[{"@type":"SearchAction","target":{"@type":"EntryPoint","urlTemplate":"https:\/\/optimix-software.com\/de\/?s={search_term_string}"},"query-input":{"@type":"PropertyValueSpecification","valueRequired":true,"valueName":"search_term_string"}}],"inLanguage":"de"},{"@type":"Organization","@id":"https:\/\/optimix-software.com\/de\/#organization","name":"Optimix Software","url":"https:\/\/optimix-software.com\/de\/","logo":{"@type":"ImageObject","inLanguage":"de","@id":"https:\/\/optimix-software.com\/de\/#\/schema\/logo\/image\/","url":"https:\/\/optimix-software.com\/wp-content\/uploads\/logo-carre-optimix-RETAIL-PERFORMANCE-SOFTWARE.jpg","contentUrl":"https:\/\/optimix-software.com\/wp-content\/uploads\/logo-carre-optimix-RETAIL-PERFORMANCE-SOFTWARE.jpg","width":2001,"height":2001,"caption":"Optimix Software"},"image":{"@id":"https:\/\/optimix-software.com\/de\/#\/schema\/logo\/image\/"},"sameAs":["https:\/\/www.linkedin.com\/company\/optimix-ffr\/"]},{"@type":"Person","@id":"https:\/\/optimix-software.com\/de\/#\/schema\/person\/1f05483bf14941498b0642f62feb8390","name":"Carla Gonzalez"}]}},"_links":{"self":[{"href":"https:\/\/optimix-software.com\/de\/wp-json\/wp\/v2\/posts\/66838","targetHints":{"allow":["GET"]}}],"collection":[{"href":"https:\/\/optimix-software.com\/de\/wp-json\/wp\/v2\/posts"}],"about":[{"href":"https:\/\/optimix-software.com\/de\/wp-json\/wp\/v2\/types\/post"}],"author":[{"embeddable":true,"href":"https:\/\/optimix-software.com\/de\/wp-json\/wp\/v2\/users\/19"}],"replies":[{"embeddable":true,"href":"https:\/\/optimix-software.com\/de\/wp-json\/wp\/v2\/comments?post=66838"}],"version-history":[{"count":0,"href":"https:\/\/optimix-software.com\/de\/wp-json\/wp\/v2\/posts\/66838\/revisions"}],"wp:featuredmedia":[{"embeddable":true,"href":"https:\/\/optimix-software.com\/de\/wp-json\/wp\/v2\/media\/66828"}],"wp:attachment":[{"href":"https:\/\/optimix-software.com\/de\/wp-json\/wp\/v2\/media?parent=66838"}],"wp:term":[{"taxonomy":"category","embeddable":true,"href":"https:\/\/optimix-software.com\/de\/wp-json\/wp\/v2\/categories?post=66838"},{"taxonomy":"post_tag","embeddable":true,"href":"https:\/\/optimix-software.com\/de\/wp-json\/wp\/v2\/tags?post=66838"}],"curies":[{"name":"wp","href":"https:\/\/api.w.org\/{rel}","templated":true}]}}