{"id":66787,"date":"2025-11-25T16:33:04","date_gmt":"2025-11-25T15:33:04","guid":{"rendered":"https:\/\/optimix-software.com\/?p=66787"},"modified":"2025-11-25T17:09:05","modified_gmt":"2025-11-25T16:09:05","slug":"black-friday","status":"publish","type":"post","link":"https:\/\/optimix-software.com\/fr\/blog\/pricing\/black-friday\/","title":{"rendered":"Black Friday 2025 : Comment l\u2019image prix et la valeur per\u00e7ue redessinent les strat\u00e9gies des marques"},"content":{"rendered":"\t\t<div data-elementor-type=\"wp-post\" data-elementor-id=\"66787\" class=\"elementor elementor-66787\" data-elementor-post-type=\"post\">\n\t\t\t\t<div class=\"elementor-element elementor-element-7e75305 e-flex e-con-boxed wpr-particle-no wpr-jarallax-no wpr-parallax-no wpr-sticky-section-no e-con e-parent\" data-id=\"7e75305\" data-element_type=\"container\" data-e-type=\"container\">\n\t\t\t\t\t<div class=\"e-con-inner\">\n\t\t\t\t<div class=\"elementor-element elementor-element-4d7f99e elementor-widget elementor-widget-text-editor\" data-id=\"4d7f99e\" data-element_type=\"widget\" data-e-type=\"widget\" data-widget_type=\"text-editor.default\">\n\t\t\t\t<div class=\"elementor-widget-container\">\n\t\t\t\t\t\t\t\t\t<p><span style=\"font-weight: 400;\"><strong>Le Black Friday<\/strong> reste l\u2019un des moments les plus intenses de l\u2019ann\u00e9e. Pour de nombreuses enseignes, c\u2019est le moment o\u00f9 elles r\u00e9alisent le quart de leur CA : les pics de ventes y sont donc dix fois sup\u00e9rieurs \u00e0 un jour classique, et la moindre erreur de <strong>pr\u00e9vision de la demande<\/strong> <strong>et des ventes<\/strong> peut se transformer en rupture critique\u2026 ou en surstock co\u00fbteux.<\/span><span style=\"font-weight: 400;\"><br \/><\/span><\/p><p><span style=\"font-weight: 400;\">Cette p\u00e9riode met donc en lumi\u00e8re la n\u00e9cessit\u00e9 d\u2019une <strong>gestion de stock<\/strong> tr\u00e8s pr\u00e9cise, soutenue par des <a href=\"https:\/\/optimix-software.com\/fr\/solution-supply-chain\/prevision-des-ventes\/\"><strong>outils de pr\u00e9vision de ventes et demande fiables<\/strong><\/a>, capables d\u2019anticiper les flux afin de s\u00e9curiser les marges.<\/span><\/p><p><span style=\"font-weight: 400;\">Mais derri\u00e8re ce d\u00e9fi op\u00e9rationnel se cache un autre enjeu, beaucoup plus strat\u00e9gique : celui de <a href=\"https:\/\/optimix-software.com\/fr\/blog\/pricing\/image-prix\/\"><strong>l\u2019image prix<\/strong><\/a>. M\u00eame si le Black Friday g\u00e9n\u00e8re des volumes importants, il impose aussi une pression sur les prix qui peut fragiliser la valeur per\u00e7ue d\u2019une marque. <\/span><\/p><p><span style=\"font-weight: 400;\">Face \u00e0 des consommateurs plus inform\u00e9s, plus exigeants et plus attentifs \u00e0 la coh\u00e9rence tarifaire, les marques red\u00e9finissent la place du prix dans leur proposition de valeur. Ce qui pousse aujourd\u2019hui de nombreuses enseignes surtout premium \u00e0 repenser leur approche. Un repositionnement strat\u00e9gique autour de l\u2019image prix, de la valeur per\u00e7ue et de l\u2019attente des consommateurs.<\/span><\/p>\t\t\t\t\t\t\t\t<\/div>\n\t\t\t\t<\/div>\n\t\t\t\t\t<\/div>\n\t\t\t\t<\/div>\n\t\t<div class=\"elementor-element elementor-element-7b73e69 e-flex e-con-boxed wpr-particle-no wpr-jarallax-no wpr-parallax-no wpr-sticky-section-no e-con e-parent\" data-id=\"7b73e69\" data-element_type=\"container\" data-e-type=\"container\">\n\t\t\t\t\t<div class=\"e-con-inner\">\n\t\t\t\t<div class=\"elementor-element elementor-element-e6daab9 elementor-widget elementor-widget-text-editor\" data-id=\"e6daab9\" data-element_type=\"widget\" data-e-type=\"widget\" data-widget_type=\"text-editor.default\">\n\t\t\t\t<div class=\"elementor-widget-container\">\n\t\t\t\t\t\t\t\t\t<h2><b>Les enjeux du Black Friday pour les Retailers : Ma\u00eetrise des stocks et pr\u00e9vision de la demande<\/b><\/h2><p><span style=\"font-weight: 400;\">Le Black Friday constitue avant tout <\/span>un <span style=\"font-weight: 400;\">moment cl\u00e9 de l\u2019ann\u00e9e ou les retailers r\u00e9alisent 25 \u00e0 40% de leur chiffre d\u2019affaires. C\u2019est l\u2019un des rares moments de l\u2019ann\u00e9e o\u00f9 les <\/span><b>volumes de vente atteignent des niveaux exceptionnels<\/b><span style=\"font-weight: 400;\">, o\u00f9 chaque rupture de stock se traduit par une perte imm\u00e9diate de chiffre d\u2019affaires, et o\u00f9 chaque exc\u00e9dent condamne la marge.\u00a0<\/span><\/p><p><span style=\"font-weight: 400;\">Dans ce contexte, la performance ne tient pas uniquement au prix affich\u00e9, mais \u00e0 la capacit\u00e9 de l\u2019enseigne \u00e0 <\/span><b>r\u00e9pondre \u00e0 la demande<\/b><span style=\"font-weight: 400;\">. Synchroniser marketing, logistique et supply chain pour assurer la disponibilit\u00e9 des produits est primordial.<\/span><\/p><p><span style=\"font-weight: 400;\">Pour y parvenir, les marques doivent anticiper avec pr\u00e9cision <\/span>l<span style=\"font-weight: 400;\">es quantit\u00e9s n\u00e9cessaires, les rythmes de rotation attendus, les canaux qui vont surperformer, et les produits qui concentreront la demande. Cette calibration est d\u00e9terminante : une erreur sur un top seller, m\u00eame minime, peut provoquer des impacts majeurs sur les ventes et la perception client.<\/span><\/p><p><span style=\"font-weight: 400;\">Les risques sont parfaitement connus :<\/span><\/p><ul><li style=\"font-weight: 400;\" aria-level=\"1\"><b>La rupture<\/b><span style=\"font-weight: 400;\">, qui d\u00e9tourne des flux importants vers la concurrence, fragilise l\u2019exp\u00e9rience et renvoie l\u2019image d\u2019une cha\u00eene logistique sous-dimensionn\u00e9e.<\/span><\/li><li style=\"font-weight: 400;\" aria-level=\"1\"><b>Le surstock<\/b><span style=\"font-weight: 400;\">, qui oblige \u00e0 pratiquer des remises tactiques pour \u00e9couler, d\u00e9grade la marge et brouille l\u2019image prix en donnant l\u2019impression d\u2019un pricing initial artificiel.<\/span><span style=\"font-weight: 400;\"><br \/><\/span><\/li><\/ul><p>Le Black Friday g\u00e9n\u00e8re plusieurs d\u00e9fis dont 4 que nous vous invitons \u00e0 d\u00e9couvrir ici : <a href=\"https:\/\/optimix-software.com\/fr\/blog\/supplychain\/black-friday-les-4-grands-defis\/\"><strong>Black Friday &#8211; 4 grands d\u00e9fis<\/strong><\/a><\/p><p><span style=\"font-weight: 400;\">De nombreux retailers s\u2019appuient aujourd\u2019hui sur des <\/span><b>outils de pr\u00e9vision de vente et de la demande <\/b><span style=\"font-weight: 400;\">capables de croiser l\u2019historique de ventes, les signaux de tendances, la saisonnalit\u00e9, les ventes en temps r\u00e9el, la vitesse de rotation et m\u00eame les donn\u00e9es comportementales issues pour une meilleure pr\u00e9vision. Cette finesse de projection leur permet d\u2019aligner leurs stocks sur la demande r\u00e9elle.<\/span><\/p>\t\t\t\t\t\t\t\t<\/div>\n\t\t\t\t<\/div>\n\t\t\t\t<div class=\"elementor-element elementor-element-af40b77 elementor-widget elementor-widget-html\" data-id=\"af40b77\" data-element_type=\"widget\" data-e-type=\"widget\" data-widget_type=\"html.default\">\n\t\t\t\t<div class=\"elementor-widget-container\">\n\t\t\t\t\t<div class=\"hs-cta-embed hs-cta-simple-placeholder hs-cta-embed-211408543961\"\r\nstyle=\"max-width:100%; max-height:100%; width:600px;height:262.22223525878906px\" data-hubspot-wrapper-cta-id=\"211408543961\">\r\n<a href=\"https:\/\/cta-eu1.hubspot.com\/web-interactives\/public\/v1\/track\/redirect?encryptedPayload=AVxigLLeInQB7ucglxK%2FG4i%2FcH6sugHupY4hx8b%2B03IKW%2BlDijfhDbJWreiFqDq2No7iOBdP%2BllFPnEMk3SFus4avRSwKadsEqkGl7fR3WjGEvr3cj%2F4JV7%2BmbgpTo4TUXdPZasjPje0D6SjgLPecihyAPVI%2Bg7cKCVxDXP617vOJuyxHSf1auL88aG2K2sYzUY%2B4VGsKoqO42xvCFV%2B%2BZ7T4I7Qep5Oy55gUfaXtcJXzEZ%2BYcGWnO6G&webInteractiveContentId=211408543961&portalId=144414462\" target=\"_blank\" rel=\"noopener\" crossorigin=\"anonymous\">\r\n<img decoding=\"async\" alt=\"logo optimix 2025 blanc site-web copie\" loading=\"lazy\" src=\"https:\/\/hubspot-no-cache-eu1-prod.s3.amazonaws.com\/cta\/default\/144414462\/interactive-211408543961.png\" style=\"height: 100%; width: 100%; object-fit: fill\"\r\nonerror=\"this.style.display='none'\" \/>\r\n<\/a>\r\n<\/div>\t\t\t\t<\/div>\n\t\t\t\t<\/div>\n\t\t\t\t\t<\/div>\n\t\t\t\t<\/div>\n\t\t<div class=\"elementor-element elementor-element-2ad27fb e-flex e-con-boxed wpr-particle-no wpr-jarallax-no wpr-parallax-no wpr-sticky-section-no e-con e-parent\" data-id=\"2ad27fb\" data-element_type=\"container\" data-e-type=\"container\">\n\t\t\t\t\t<div class=\"e-con-inner\">\n\t\t\t\t<div class=\"elementor-element elementor-element-9145000 elementor-widget__width-initial elementor-widget elementor-widget-text-editor\" data-id=\"9145000\" data-element_type=\"widget\" data-e-type=\"widget\" data-widget_type=\"text-editor.default\">\n\t\t\t\t<div class=\"elementor-widget-container\">\n\t\t\t\t\t\t\t\t\t<h2><b>Pourquoi certaines marques d\u00e9cident de se repositionner ? : l\u2019enjeu de l\u2019image prix<\/b><\/h2><h3><b>1. La perception d\u2019un \u201cprix juste\u201d fragilis\u00e9e par les promotions massives<\/b><\/h3><p><span style=\"font-weight: 400;\">L\u2019accumulation des op\u00e9rations commerciales : soldes, ventes flash, French Days, offres priv\u00e9es a profond\u00e9ment alt\u00e9r\u00e9 la perception du \u201cjuste prix\u201d. Le consommateur, mieux arm\u00e9, compare, analyse, retrace les variations de prix et s\u2019interroge : <\/span><i><span style=\"font-weight: 400;\">\u00ab <\/span><\/i><span style=\"font-weight: 400;\">Si ce produit peut passer \u00e0 -50 % aujourd\u2019hui, pourquoi \u00e9tait-il affich\u00e9 plein tarif hier ?<\/span><i><span style=\"font-weight: 400;\"> \u00bb<\/span><\/i><i><span style=\"font-weight: 400;\"><br \/><\/span><\/i><span style=\"font-weight: 400;\">Ce questionnement cr\u00e9e un brouillage de l\u2019image prix. Le consommateur ne sait plus r\u00e9ellement quel est le prix juste. La confiance tarifaire s\u2019amenuise, et la valeur per\u00e7ue du produit\u00a0 voire de la marque en p\u00e2tit.<\/span><\/p><p><span style=\"font-weight: 400;\">Le Black Friday accentue cette tension : il attire massivement, mais il pousse aussi \u00e0 des \u00e9carts tarifaires si importants qu\u2019ils rendent floues les r\u00e9f\u00e9rences habituelles. En cherchant le volume imm\u00e9diat, certaines marques fragilisent une perception qu\u2019elles ont mis des ann\u00e9es \u00e0 construire.<\/span><\/p><h3><b>2. La valeur per\u00e7ue : un actif que les marques ne veulent plus sacrifier<\/b><\/h3><p><em>\u00ab\u00a0Quand la r\u00e9duction massive renvoie une image de faible valeur\u00a0\u00bb<\/em><\/p><p data-start=\"288\" data-end=\"668\">Le prix n\u2019est jamais qu\u2019un montant : il incarne la qualit\u00e9, le savoir-faire et l\u2019univers d\u2019une marque. Pour les consommateurs, c\u2019est un rep\u00e8re puissant.<br data-start=\"440\" data-end=\"443\" \/>C\u2019est pourquoi des promotions trop fortes ou trop r\u00e9p\u00e9t\u00e9es fragilisent imm\u00e9diatement la valeur per\u00e7ue : elles peuvent laisser croire que le prix initial n\u2019\u00e9tait pas l\u00e9gitime ou que le produit ne se suffit plus \u00e0 lui-m\u00eame.<\/p><p data-start=\"670\" data-end=\"1031\">Pour les marques premium, les marques engag\u00e9es ou celles \u00e0 forte identit\u00e9, ce signal est encore plus critique. Leur promesse repose sur la coh\u00e9rence, la confiance et un positionnement clair. Une strat\u00e9gie de prix trop fluctuante brouille ce discours, affaiblit la cr\u00e9dibilit\u00e9 et dilue l\u2019image diff\u00e9renciante qu\u2019elles ont mis des ann\u00e9es \u00e0 construire.<\/p>\t\t\t\t\t\t\t\t<\/div>\n\t\t\t\t<\/div>\n\t\t\t\t\t<\/div>\n\t\t\t\t<\/div>\n\t\t<div class=\"elementor-element elementor-element-a8730d3 e-flex e-con-boxed wpr-particle-no wpr-jarallax-no wpr-parallax-no wpr-sticky-section-no e-con e-parent\" data-id=\"a8730d3\" data-element_type=\"container\" data-e-type=\"container\">\n\t\t\t\t\t<div class=\"e-con-inner\">\n\t\t\t\t<div class=\"elementor-element elementor-element-ece6383 elementor-widget elementor-widget-text-editor\" data-id=\"ece6383\" data-element_type=\"widget\" data-e-type=\"widget\" data-widget_type=\"text-editor.default\">\n\t\t\t\t<div class=\"elementor-widget-container\">\n\t\t\t\t\t\t\t\t\t<h3><b>Garder un positionnement clair assum\u00e9\u00a0<\/b><\/h3><p><span style=\"font-weight: 400;\">De plus en plus de retailers choisissent d\u00e9sormais de ne plus s\u2019aligner sur le mod\u00e8le traditionnel du Black Friday, non pas par d\u00e9sengagement commercial, mais parce que <\/span><b>leur positionnement ne permet plus de jouer la carte du discount massif<\/b><span style=\"font-weight: 400;\"> sans incoh\u00e9rence autour de leur marque. Les enseignes qui ont construit une image fond\u00e9e sur la qualit\u00e9, la durabilit\u00e9, la transparence ou la valeur servicielle savent qu\u2019une remise agressive brouille leur message, fragilise leur cr\u00e9dibilit\u00e9 et dilue leur proposition de valeur.<\/span><\/p><p><span style=\"font-weight: 400;\">En r\u00e9alit\u00e9, le refus de participer pleinement au Black Friday n\u2019est pas une prise de distance vis-\u00e0-vis du consommateur, mais un acte de coh\u00e9rence. Une marque premium, responsable ou \u00e0 forte identit\u00e9 ne peut pas, du jour au lendemain, appliquer des r\u00e9ductions drastiques sans contredire ce qu\u2019elle d\u00e9fend : un prix juste, constant, align\u00e9 sur leur positionnement.<\/span><\/p><h3><b>Aligner discours et actes : notamment pour les marques engag\u00e9es dans la durabilit\u00e9.<\/b><\/h3><p><span style=\"font-weight: 400;\">Pour les marques engag\u00e9es dans la durabilit\u00e9, participer au Black Friday cr\u00e9e une dissonance difficile \u00e0 assumer. Afficher un discours responsable tout en soutenant une p\u00e9riode associ\u00e9e \u00e0 la surconsommation, aux volumes artificiels et \u00e0 la pression sur les prix expose \u00e0 un risque majeur : perdre en cr\u00e9dibilit\u00e9.<\/span><\/p><p><span style=\"font-weight: 400;\">Aligner discours et actes devient donc un imp\u00e9ratif strat\u00e9gique. Les enseignes qui revendiquent des engagements environnementaux, des processus de production raisonn\u00e9e ou une politique de prix juste tout au long de l\u2019ann\u00e9e ne peuvent pas, en quelques jours, multiplier les remises sans contredire leur propre r\u00e9cit de marque.<\/span><span style=\"font-weight: 400;\"><br \/><\/span><span style=\"font-weight: 400;\">Un Black Friday agressif renvoie alors l\u2019image d\u2019une durabilit\u00e9 \u201cmarketing\u201d, sans profondeur r\u00e9elle.<\/span><\/p><p><span style=\"font-weight: 400;\">C\u2019est pourquoi certaines marques choisissent soit de s\u2019\u00e9loigner du mod\u00e8le traditionnel du Black Friday, soit de le r\u00e9inventer : op\u00e9rations orient\u00e9es r\u00e9paration et seconde vie, journ\u00e9es d\u00e9di\u00e9es \u00e0 la transparence, mise en avant de l\u2019\u00e9co-conception, dons \u00e0 des projets environnementaux, ou encore engagement \u00e0 maintenir un juste prix sans remise artificielle.<\/span><\/p><p><span style=\"font-weight: 400;\">En assumant cette coh\u00e9rence, elles renforcent :<\/span><\/p><ul><li style=\"font-weight: 400;\" aria-level=\"1\"><span style=\"font-weight: 400;\">la confiance que leur accorde leurs clients,<\/span><\/li><li style=\"font-weight: 400;\" aria-level=\"1\"><span style=\"font-weight: 400;\">la cr\u00e9dibilit\u00e9 de leur engagement RSE,<\/span><\/li><li style=\"font-weight: 400;\" aria-level=\"1\"><span style=\"font-weight: 400;\">la valeur per\u00e7ue de leurs produits,<\/span><\/li><li style=\"font-weight: 400;\" aria-level=\"1\">la solidit\u00e9 de leur positionnement \u00e0 long terme.<\/li><\/ul>\t\t\t\t\t\t\t\t<\/div>\n\t\t\t\t<\/div>\n\t\t\t\t<div class=\"elementor-element elementor-element-c7b7629 elementor-widget elementor-widget-html\" data-id=\"c7b7629\" data-element_type=\"widget\" data-e-type=\"widget\" data-widget_type=\"html.default\">\n\t\t\t\t<div class=\"elementor-widget-container\">\n\t\t\t\t\t<div class=\"hs-cta-embed hs-cta-simple-placeholder hs-cta-embed-212638872817\"\r\nstyle=\"max-width:100%; max-height:100%; width:600px;height:262.22223525878906px\" data-hubspot-wrapper-cta-id=\"212638872817\">\r\n<a href=\"https:\/\/cta-eu1.hubspot.com\/web-interactives\/public\/v1\/track\/redirect?encryptedPayload=AVxigLLVzVdWTS%2Fq3vIBdg8lBks0bttAk6UW0CEhokSbuDPJlu%2FSbsAw32ABCnhZ7aJ5Iuj2YUguHxBuapiNX1OHg3azlhv1YrumtD7ozFQBqSnb39wckY43K1JTGKbDB1Ej%2Ban76fimdPhAc0LSNYGSVt95SZbArLuHoIyh15FfudlUEJ1oyh4ixSJzPyiOyTFXXzxOYIQQexkodrVWTtckZpUhrR7u%2FP9EpK9SoESGQF5TALuhlIizJkhIqcreByBMadzj6bnvaq3rIszHaVQqQxbt0Q%3D%3D&webInteractiveContentId=212638872817&portalId=144414462\" target=\"_blank\" rel=\"noopener\" crossorigin=\"anonymous\">\r\n<img decoding=\"async\" alt=\"logo optimix 2025 blanc site-web copie\" loading=\"lazy\" src=\"https:\/\/hubspot-no-cache-eu1-prod.s3.amazonaws.com\/cta\/default\/144414462\/interactive-212638872817.png\" style=\"height: 100%; width: 100%; object-fit: fill\"\r\nonerror=\"this.style.display='none'\" \/>\r\n<\/a>\r\n<\/div>\t\t\t\t<\/div>\n\t\t\t\t<\/div>\n\t\t\t\t\t<\/div>\n\t\t\t\t<\/div>\n\t\t<div class=\"elementor-element elementor-element-e03a777 e-flex e-con-boxed wpr-particle-no wpr-jarallax-no wpr-parallax-no wpr-sticky-section-no e-con e-parent\" data-id=\"e03a777\" data-element_type=\"container\" data-e-type=\"container\">\n\t\t\t\t\t<div class=\"e-con-inner\">\n\t\t\t\t<div class=\"elementor-element elementor-element-b5a3740 elementor-widget elementor-widget-text-editor\" data-id=\"b5a3740\" data-element_type=\"widget\" data-e-type=\"widget\" data-widget_type=\"text-editor.default\">\n\t\t\t\t<div class=\"elementor-widget-container\">\n\t\t\t\t\t\t\t\t\t<h2><b>Les attentes des consommateurs du Black Friday<\/b><\/h2><p><span style=\"font-weight: 400;\">Nous \u00e9voluons d\u00e9sormais dans une \u00e8re de comparaison instantan\u00e9e. En quelques secondes, un client acc\u00e8de \u00e0 des dizaines de prix, d\u2019historiques, d\u2019avis. Les marketplaces contribuent largement \u00e0 cette transparence radicale, ce qui rend chaque incoh\u00e9rence tarifaire imm\u00e9diatement visible. Le moindre \u00e9cart non justifi\u00e9 devient un irritant, voire un motif de d\u00e9fiance.<\/span><\/p><p><span style=\"font-weight: 400;\">Parall\u00e8lement, la critique des mod\u00e8les hyper-promotionnels s\u2019intensifie. Les d\u00e9bats autour de la surconsommation, du fast retail, de la production \u00e0 flux tendus et des remises artificielles s\u2019invitent de plus en plus dans l\u2019ar\u00e8ne publique. Cette prise de conscience conduit certains consommateurs \u00e0 ne plus consid\u00e9rer le Black Friday comme une opportunit\u00e9, mais comme un symbole d\u2019exc\u00e8s.<\/span><span style=\"font-weight: 400;\"><br \/><\/span><span style=\"font-weight: 400;\"> Ils s\u00e9lectionnent alors des marques align\u00e9es avec leurs convictions, coh\u00e9rentes sur la dur\u00e9e, et transparentes dans leur politique prix. Cette \u00e9volution transforme profond\u00e9ment la perception globale des enseignes.<\/span><\/p><p>Ce que les consommateurs recherchent :<\/p><ul><li style=\"font-weight: 400;\" aria-level=\"1\"><p>La qualit\u00e9 de l\u2019exp\u00e9rience globale, sans friction, du site au checkout<\/p><\/li><li style=\"font-weight: 400;\" aria-level=\"1\"><p>Des promotions cibl\u00e9es, claires, utiles\u00a0<\/p><\/li><li style=\"font-weight: 400;\" aria-level=\"1\"><p>Une disponibilit\u00e9 r\u00e9elle : pas une fausse bonne affaire en rupture au bout de 15 minutes<\/p><\/li><li style=\"font-weight: 400;\" aria-level=\"1\"><p>Une transparence sur l\u2019origine des produits et la justification des prix<\/p><\/li><li style=\"font-weight: 400;\" aria-level=\"1\"><p>Une livraison fiable, avec des d\u00e9lais annonc\u00e9s honn\u00eatement<\/p><\/li><li style=\"font-weight: 400;\" aria-level=\"1\"><p>Un service client r\u00e9actif, particuli\u00e8rement sur une p\u00e9riode sensible<\/p><\/li><\/ul>\t\t\t\t\t\t\t\t<\/div>\n\t\t\t\t<\/div>\n\t\t\t\t\t<\/div>\n\t\t\t\t<\/div>\n\t\t<div class=\"elementor-element elementor-element-05d19b5 e-flex e-con-boxed wpr-particle-no wpr-jarallax-no wpr-parallax-no wpr-sticky-section-no e-con e-parent\" data-id=\"05d19b5\" data-element_type=\"container\" data-e-type=\"container\">\n\t\t\t\t\t<div class=\"e-con-inner\">\n\t\t\t\t<div class=\"elementor-element elementor-element-fb73f45 elementor-widget elementor-widget-text-editor\" data-id=\"fb73f45\" data-element_type=\"widget\" data-e-type=\"widget\" data-widget_type=\"text-editor.default\">\n\t\t\t\t<div class=\"elementor-widget-container\">\n\t\t\t\t\t\t\t\t\t<h2><b>Black Friday\u00a0 : de nouvelles strat\u00e9gies pour ma\u00eetriser l\u2019image prix par les marques\u00a0<\/b><\/h2><h3><b>Avantages exclusifs : m<\/b><b>iser sur la valeur plut\u00f4t que sur la r\u00e9duction<\/b><\/h3><p><span style=\"font-weight: 400;\">Face \u00e0 ces enjeux, de nombreuses marques r\u00e9inventent leur mani\u00e8re d\u2019aborder le Black Friday. Leur objectif n\u2019est plus de battre les records de remise, mais de pr\u00e9server leur image prix et leur relation client.<\/span><\/p><p><span style=\"font-weight: 400;\">Refuser la guerre du prix devient un acte fort. C\u2019est l\u2019affirmation que les prix sont r\u00e9fl\u00e9chis, sinc\u00e8res, construits pour refl\u00e9ter la v\u00e9ritable valeur du produit. Cette posture renforce la stabilit\u00e9 per\u00e7ue et attire un profil de consommateur moins opportuniste, davantage fid\u00e8le.<\/span><\/p><p><span style=\"font-weight: 400;\">D\u2019autres marques choisissent de repositionner leur offre non pas sur la r\u00e9duction, mais sur la valeur ajout\u00e9e. Elles privil\u00e9gient des services diff\u00e9renciants\u00a0 livraison offerte, personnalisation, accompagnement expert ou des avantages relationnels acc\u00e8s anticip\u00e9s, privil\u00e8ges fid\u00e9lit\u00e9, contenus exclusifs. Certaines optent pour des bundles con\u00e7us pour mettre en avant une proposition de valeur enrichie plut\u00f4t qu\u2019un simple rabais.<\/span><\/p><p><span style=\"font-weight: 400;\">Le prix devient alors un axe d\u2019identit\u00e9. Un marqueur de s\u00e9rieux. Une preuve de coh\u00e9rence. Dans cette logique, le Black Friday n\u2019est plus un moment de rupture, mais un temps commercial parfaitement int\u00e9gr\u00e9 dans une strat\u00e9gie globale.<\/span><\/p><h3><b>Les alternatives au Black Friday : vers un commerce plus responsable et valorisant<\/b><\/h3><p><span style=\"font-weight: 400;\">Face aux risques li\u00e9s au discount massif \u2014 perte de valeur per\u00e7ue, incoh\u00e9rence tarifaire, fragilisation de l\u2019image prix \u2014 de nombreuses marques repensent leur approche et explorent des alternatives cr\u00e9dibles au Black Friday traditionnel. Ces initiatives visent \u00e0 pr\u00e9server la coh\u00e9rence de marque, renforcer la fid\u00e9lit\u00e9 client et int\u00e9grer des valeurs sociales ou environnementales dans l\u2019exp\u00e9rience commerciale.<\/span><\/p><p><strong>1. Green Friday : la durabilit\u00e9 comme levier<\/strong><\/p><p><span style=\"font-weight: 400;\">Le Green Friday se positionne en r\u00e9action directe aux exc\u00e8s du Black Friday classique. Il met l\u2019accent sur la consommation raisonn\u00e9e et la durabilit\u00e9 : produits responsables, seconde vie, r\u00e9parabilit\u00e9 ou initiatives de compensation carbone. Au lieu de brader des produits, les marques valorisent leur impact environnemental r\u00e9duit et d\u00e9montrent un engagement cr\u00e9dible aupr\u00e8s des consommateurs sensibles \u00e0 la RSE.<\/span><\/p><p><strong>2. Black for Good : commerce et engagement solidaire<\/strong><\/p><p><span style=\"font-weight: 400;\">Certaines enseignes choisissent de transformer l\u2019\u00e9v\u00e9nement en un levier d\u2019action sociale. Black for Good associe ventes et dons, reversant une partie du chiffre d\u2019affaires \u00e0 des causes solidaires. Cette approche cr\u00e9e un double b\u00e9n\u00e9fice : g\u00e9n\u00e9rer des revenus tout en renfor\u00e7ant l\u2019image d\u2019une marque responsable et engag\u00e9e, alignant ainsi le marketing et les valeurs de l\u2019entreprise.<\/span><\/p><p><strong>3. Blue Friday : promotion raisonn\u00e9e et \u00e9thique<\/strong><\/p><p><span style=\"font-weight: 400;\">Le Blue Friday se concentre sur des promotions mesur\u00e9es et justifi\u00e9es, souvent accompagn\u00e9es d\u2019initiatives \u00e9thiques ou d\u2019une communication transparente sur les prix. L\u2019objectif est de conserver la valeur per\u00e7ue tout en participant \u00e0 la dynamique commerciale, sans sacrifier l\u2019image prix ou la cr\u00e9dibilit\u00e9.<\/span><\/p><p><strong>4. Beauty Days et \u00e9v\u00e9nements exp\u00e9rientiels<\/strong><\/p><p><span style=\"font-weight: 400;\">Certaines marques, notamment dans la beaut\u00e9, la mode ou le lifestyle, d\u00e9placent le focus des remises vers l\u2019exp\u00e9rience client. Les Beauty Days, journ\u00e9es VIP, ou \u00e9v\u00e9nements exclusifs offrent des services premium, conseils personnalis\u00e9s, ateliers ou avantages fid\u00e9lit\u00e9, mettant la valeur ajout\u00e9e au centre de la strat\u00e9gie commerciale. Le prix devient secondaire, et c\u2019est l\u2019exp\u00e9rience et la relation client qui cr\u00e9ent l\u2019attractivit\u00e9.<\/span><\/p><p><strong>5. Offres de valeur ajout\u00e9e et bundles<\/strong><\/p><p><span style=\"font-weight: 400;\">Une autre alternative consiste \u00e0 proposer des offres group\u00e9es ou services inclus plut\u00f4t que de simples rabais. Livraison gratuite, retouches, personnalisation, produits compl\u00e9mentaires ou contenus exclusifs enrichissent la perception globale, tout en conservant un pricing coh\u00e9rent.<\/span><\/p>\t\t\t\t\t\t\t\t<\/div>\n\t\t\t\t<\/div>\n\t\t\t\t<div class=\"elementor-element elementor-element-6ca68ad elementor-widget elementor-widget-html\" data-id=\"6ca68ad\" data-element_type=\"widget\" data-e-type=\"widget\" data-widget_type=\"html.default\">\n\t\t\t\t<div class=\"elementor-widget-container\">\n\t\t\t\t\t<div class=\"hs-cta-embed hs-cta-simple-placeholder hs-cta-embed-211408543961\"\r\nstyle=\"max-width:100%; max-height:100%; width:600px;height:262.22223525878906px\" data-hubspot-wrapper-cta-id=\"211408543961\">\r\n<a href=\"https:\/\/cta-eu1.hubspot.com\/web-interactives\/public\/v1\/track\/redirect?encryptedPayload=AVxigLLeInQB7ucglxK%2FG4i%2FcH6sugHupY4hx8b%2B03IKW%2BlDijfhDbJWreiFqDq2No7iOBdP%2BllFPnEMk3SFus4avRSwKadsEqkGl7fR3WjGEvr3cj%2F4JV7%2BmbgpTo4TUXdPZasjPje0D6SjgLPecihyAPVI%2Bg7cKCVxDXP617vOJuyxHSf1auL88aG2K2sYzUY%2B4VGsKoqO42xvCFV%2B%2BZ7T4I7Qep5Oy55gUfaXtcJXzEZ%2BYcGWnO6G&webInteractiveContentId=211408543961&portalId=144414462\" target=\"_blank\" rel=\"noopener\" crossorigin=\"anonymous\">\r\n<img decoding=\"async\" alt=\"logo optimix 2025 blanc site-web copie\" loading=\"lazy\" src=\"https:\/\/hubspot-no-cache-eu1-prod.s3.amazonaws.com\/cta\/default\/144414462\/interactive-211408543961.png\" style=\"height: 100%; width: 100%; object-fit: fill\"\r\nonerror=\"this.style.display='none'\" \/>\r\n<\/a>\r\n<\/div>\t\t\t\t<\/div>\n\t\t\t\t<\/div>\n\t\t\t\t\t<\/div>\n\t\t\t\t<\/div>\n\t\t<div class=\"elementor-element elementor-element-31bd85f e-flex e-con-boxed wpr-particle-no wpr-jarallax-no wpr-parallax-no wpr-sticky-section-no e-con e-parent\" data-id=\"31bd85f\" data-element_type=\"container\" data-e-type=\"container\">\n\t\t\t\t\t<div class=\"e-con-inner\">\n\t\t\t\t<div class=\"elementor-element elementor-element-a1f3b61 elementor-widget elementor-widget-text-editor\" data-id=\"a1f3b61\" data-element_type=\"widget\" data-e-type=\"widget\" data-widget_type=\"text-editor.default\">\n\t\t\t\t<div class=\"elementor-widget-container\">\n\t\t\t\t\t\t\t\t\t<h2><b>Black Friday et image prix : ma\u00eetriser l\u2019\u00e9v\u00e9nement pour renforcer la confiance client<\/b><\/h2><p><span style=\"font-weight: 400;\">Le Black Friday, au-del\u00e0 de l\u2019offre discount et des remises massives, est devenu un v\u00e9ritable exercice de ma\u00eetrise op\u00e9rationnelle et strat\u00e9gique. Il met \u00e0 l\u2019\u00e9preuve la gestion des stocks, la maturit\u00e9 pricing et la coh\u00e9rence globale du positionnement des marques. Chaque rupture, exc\u00e9dent ou incoh\u00e9rence tarifaire peut impacter durablement l\u2019image prix et la valeur per\u00e7ue. Les enseignes performantes l\u2019ont compris : le succ\u00e8s ne repose plus seulement sur le chiffre d\u2019affaires g\u00e9n\u00e9r\u00e9, mais sur la capacit\u00e9 \u00e0 synchroniser marketing, logistique et supply chain tout en pr\u00e9servant la cr\u00e9dibilit\u00e9 de la marque.<\/span><\/p><p><span style=\"font-weight: 400;\">Dans ce contexte, les alternatives au Black Friday traditionnel se multiplient et incarnent une nouvelle approche strat\u00e9gique : le Green Friday, qui met l\u2019accent sur la durabilit\u00e9 et la consommation raisonn\u00e9e ; les Beauty Days, qui valorisent l\u2019exp\u00e9rience et le conseil plut\u00f4t que la remise ; le Blue Friday, qui associe offres promotionnelles \u00e0 des actions \u00e9thiques ; ou encore le Black for Good, qui lie \u00e9v\u00e9nements commerciaux \u00e0 des initiatives responsables et solidaires. Ces mouvements permettent aux marques de pr\u00e9server leur image prix, de renforcer la confiance client et d\u2019affirmer leur positionnement sans c\u00e9der \u00e0 la course aux rabais.<\/span><\/p><p><span style=\"font-weight: 400;\">Pour les retailers, ma\u00eetriser le Black Friday aujourd\u2019hui signifie donc bien plus que proposer des promotions : il s\u2019agit de d\u00e9ployer un pilotage pr\u00e9cis, de s\u00e9curiser la disponibilit\u00e9 des produits, de construire une exp\u00e9rience client coh\u00e9rente et de d\u00e9montrer l\u2019alignement entre discours et actes. Les marques qui adoptent cette approche transforment le Black Friday en un moment de consolidation de valeur et de diff\u00e9renciation, o\u00f9 le prix, la qualit\u00e9 et l\u2019engagement prennent le pas sur le simple volume de ventes.<\/span><\/p>\t\t\t\t\t\t\t\t<\/div>\n\t\t\t\t<\/div>\n\t\t\t\t\t<\/div>\n\t\t\t\t<\/div>\n\t\t<div class=\"elementor-element elementor-element-caf35a7 e-flex e-con-boxed wpr-particle-no wpr-jarallax-no wpr-parallax-no wpr-sticky-section-no e-con e-parent\" data-id=\"caf35a7\" data-element_type=\"container\" data-e-type=\"container\">\n\t\t\t\t\t<div class=\"e-con-inner\">\n\t\t\t\t<div class=\"elementor-element elementor-element-04e6fb3 elementor-widget elementor-widget-html\" data-id=\"04e6fb3\" data-element_type=\"widget\" data-e-type=\"widget\" data-widget_type=\"html.default\">\n\t\t\t\t<div class=\"elementor-widget-container\">\n\t\t\t\t\t<div class=\"hs-cta-embed hs-cta-simple-placeholder hs-cta-embed-212642236615\"\r\nstyle=\"max-width:100%; max-height:100%; width:600px;height:234.77083450195312px\" data-hubspot-wrapper-cta-id=\"212642236615\">\r\n<a href=\"https:\/\/cta-eu1.hubspot.com\/web-interactives\/public\/v1\/track\/redirect?encryptedPayload=AVxigLJRSzgWRby8vYpQrpoQB5JXt0tVG6B7FbQmheDCTJ5lgFzTfXdsZrD54OqTlrKjGraaOZ4%2FmcDPkMVLDGQUR3UwYjA%2BS8FRT%2Bh%2BBteP0OnT3QofBpbszfxoaNj9jkgWyp2dS4gUkpcl98PFK%2FfUk5pDd3crS4K%2BcjjH%2BGL0zHDk6ZlpAcz9Q1FMEUdlqsU6Tgrsb8j3&webInteractiveContentId=212642236615&portalId=144414462\" target=\"_blank\" rel=\"noopener\" crossorigin=\"anonymous\">\r\n<img decoding=\"async\" alt=\"logo optimix 2025 blanc site-web copie\" loading=\"lazy\" src=\"https:\/\/hubspot-no-cache-eu1-prod.s3.amazonaws.com\/cta\/default\/144414462\/interactive-212642236615.png\" style=\"height: 100%; width: 100%; object-fit: fill\"\r\nonerror=\"this.style.display='none'\" \/>\r\n<\/a>\r\n<\/div>\t\t\t\t<\/div>\n\t\t\t\t<\/div>\n\t\t\t\t\t<\/div>\n\t\t\t\t<\/div>\n\t\t\t\t<\/div>\n\t\t","protected":false},"excerpt":{"rendered":"<p>Le Black Friday 2025 marque un tournant : les marques repensent leur image prix et renforcent la valeur per\u00e7ue pour attirer sans sacrifier la rentabilit\u00e9. D\u00e9couvrez les nouvelles strat\u00e9gies gagnantes.<\/p>\n","protected":false},"author":19,"featured_media":66826,"comment_status":"closed","ping_status":"closed","sticky":false,"template":"","format":"standard","meta":{"_eb_attr":"","content-type":"","footnotes":""},"categories":[187],"tags":[299,18],"class_list":["post-66787","post","type-post","status-publish","format-standard","has-post-thumbnail","hentry","category-pricing","tag-article-cta","tag-pricing"],"yoast_head":"<!-- This site is optimized with the Yoast SEO Premium plugin v22.8 (Yoast SEO v27.2) - https:\/\/yoast.com\/product\/yoast-seo-premium-wordpress\/ -->\n<title>Black Friday 2025<\/title>\n<meta name=\"description\" content=\"Black Friday 2025 : l\u2019image prix et la valeur per\u00e7ue deviennent d\u00e9cisives. D\u00e9couvrez comment les marques adaptent leurs strat\u00e9gies pour rester comp\u00e9titives.\" \/>\n<meta name=\"robots\" content=\"index, follow, max-snippet:-1, max-image-preview:large, max-video-preview:-1\" \/>\n<link rel=\"canonical\" href=\"https:\/\/optimix-software.com\/fr\/blog\/pricing\/black-friday\/\" \/>\n<meta property=\"og:locale\" content=\"fr_FR\" \/>\n<meta property=\"og:type\" content=\"article\" \/>\n<meta property=\"og:title\" content=\"Black Friday 2025 : Comment l\u2019image prix et la valeur per\u00e7ue redessinent les strat\u00e9gies des marques\" \/>\n<meta property=\"og:description\" content=\"Black Friday 2025 : l\u2019image prix et la valeur per\u00e7ue deviennent d\u00e9cisives. D\u00e9couvrez comment les marques adaptent leurs strat\u00e9gies pour rester comp\u00e9titives.\" \/>\n<meta property=\"og:url\" content=\"https:\/\/optimix-software.com\/fr\/blog\/pricing\/black-friday\/\" \/>\n<meta property=\"og:site_name\" content=\"Optimix Solutions\" \/>\n<meta property=\"article:published_time\" content=\"2025-11-25T15:33:04+00:00\" \/>\n<meta property=\"article:modified_time\" content=\"2025-11-25T16:09:05+00:00\" \/>\n<meta property=\"og:image\" content=\"https:\/\/optimix-software.com\/wp-content\/uploads\/Black-Friday-2025-image-prix-valeur-percue-optimix-solutions-1.webp\" \/>\n\t<meta property=\"og:image:width\" content=\"1600\" \/>\n\t<meta property=\"og:image:height\" content=\"900\" \/>\n\t<meta property=\"og:image:type\" content=\"image\/webp\" \/>\n<meta name=\"author\" content=\"Carla Gonzalez\" \/>\n<meta name=\"twitter:card\" content=\"summary_large_image\" \/>\n<meta name=\"twitter:label1\" content=\"\u00c9crit par\" \/>\n\t<meta name=\"twitter:data1\" content=\"Carla Gonzalez\" \/>\n\t<meta name=\"twitter:label2\" content=\"Dur\u00e9e de lecture estim\u00e9e\" \/>\n\t<meta name=\"twitter:data2\" content=\"11 minutes\" \/>\n<script type=\"application\/ld+json\" class=\"yoast-schema-graph\">{\"@context\":\"https:\/\/schema.org\",\"@graph\":[{\"@type\":\"Article\",\"@id\":\"https:\/\/optimix-software.com\/fr\/blog\/pricing\/black-friday\/#article\",\"isPartOf\":{\"@id\":\"https:\/\/optimix-software.com\/fr\/blog\/pricing\/black-friday\/\"},\"author\":{\"name\":\"Carla Gonzalez\",\"@id\":\"https:\/\/optimix-software.com\/fr\/#\/schema\/person\/1f05483bf14941498b0642f62feb8390\"},\"headline\":\"Black Friday 2025 : Comment l\u2019image prix et la valeur per\u00e7ue redessinent les strat\u00e9gies des marques\",\"datePublished\":\"2025-11-25T15:33:04+00:00\",\"dateModified\":\"2025-11-25T16:09:05+00:00\",\"mainEntityOfPage\":{\"@id\":\"https:\/\/optimix-software.com\/fr\/blog\/pricing\/black-friday\/\"},\"wordCount\":2463,\"publisher\":{\"@id\":\"https:\/\/optimix-software.com\/fr\/#organization\"},\"image\":{\"@id\":\"https:\/\/optimix-software.com\/fr\/blog\/pricing\/black-friday\/#primaryimage\"},\"thumbnailUrl\":\"https:\/\/optimix-software.com\/wp-content\/uploads\/Black-Friday-2025-image-prix-valeur-percue-optimix-solutions-1.webp\",\"keywords\":[\"Article CTA\",\"Pricing\"],\"articleSection\":[\"Pricing\"],\"inLanguage\":\"fr-FR\"},{\"@type\":\"WebPage\",\"@id\":\"https:\/\/optimix-software.com\/fr\/blog\/pricing\/black-friday\/\",\"url\":\"https:\/\/optimix-software.com\/fr\/blog\/pricing\/black-friday\/\",\"name\":\"Black Friday 2025\",\"isPartOf\":{\"@id\":\"https:\/\/optimix-software.com\/fr\/#website\"},\"primaryImageOfPage\":{\"@id\":\"https:\/\/optimix-software.com\/fr\/blog\/pricing\/black-friday\/#primaryimage\"},\"image\":{\"@id\":\"https:\/\/optimix-software.com\/fr\/blog\/pricing\/black-friday\/#primaryimage\"},\"thumbnailUrl\":\"https:\/\/optimix-software.com\/wp-content\/uploads\/Black-Friday-2025-image-prix-valeur-percue-optimix-solutions-1.webp\",\"datePublished\":\"2025-11-25T15:33:04+00:00\",\"dateModified\":\"2025-11-25T16:09:05+00:00\",\"description\":\"Black Friday 2025 : l\u2019image prix et la valeur per\u00e7ue deviennent d\u00e9cisives. D\u00e9couvrez comment les marques adaptent leurs strat\u00e9gies pour rester comp\u00e9titives.\",\"breadcrumb\":{\"@id\":\"https:\/\/optimix-software.com\/fr\/blog\/pricing\/black-friday\/#breadcrumb\"},\"inLanguage\":\"fr-FR\",\"potentialAction\":[{\"@type\":\"ReadAction\",\"target\":[\"https:\/\/optimix-software.com\/fr\/blog\/pricing\/black-friday\/\"]}]},{\"@type\":\"ImageObject\",\"inLanguage\":\"fr-FR\",\"@id\":\"https:\/\/optimix-software.com\/fr\/blog\/pricing\/black-friday\/#primaryimage\",\"url\":\"https:\/\/optimix-software.com\/wp-content\/uploads\/Black-Friday-2025-image-prix-valeur-percue-optimix-solutions-1.webp\",\"contentUrl\":\"https:\/\/optimix-software.com\/wp-content\/uploads\/Black-Friday-2025-image-prix-valeur-percue-optimix-solutions-1.webp\",\"width\":1600,\"height\":900},{\"@type\":\"BreadcrumbList\",\"@id\":\"https:\/\/optimix-software.com\/fr\/blog\/pricing\/black-friday\/#breadcrumb\",\"itemListElement\":[{\"@type\":\"ListItem\",\"position\":1,\"name\":\"Accueil\",\"item\":\"https:\/\/optimix-software.com\/fr\/\"},{\"@type\":\"ListItem\",\"position\":2,\"name\":\"Black Friday 2025 : Comment l\u2019image prix et la valeur per\u00e7ue redessinent les strat\u00e9gies des marques\"}]},{\"@type\":\"WebSite\",\"@id\":\"https:\/\/optimix-software.com\/fr\/#website\",\"url\":\"https:\/\/optimix-software.com\/fr\/\",\"name\":\"Optimix Solutions\",\"description\":\"Editeur de solutions de Pricing et Supply Chain\",\"publisher\":{\"@id\":\"https:\/\/optimix-software.com\/fr\/#organization\"},\"potentialAction\":[{\"@type\":\"SearchAction\",\"target\":{\"@type\":\"EntryPoint\",\"urlTemplate\":\"https:\/\/optimix-software.com\/fr\/?s={search_term_string}\"},\"query-input\":{\"@type\":\"PropertyValueSpecification\",\"valueRequired\":true,\"valueName\":\"search_term_string\"}}],\"inLanguage\":\"fr-FR\"},{\"@type\":\"Organization\",\"@id\":\"https:\/\/optimix-software.com\/fr\/#organization\",\"name\":\"Optimix Software\",\"url\":\"https:\/\/optimix-software.com\/fr\/\",\"logo\":{\"@type\":\"ImageObject\",\"inLanguage\":\"fr-FR\",\"@id\":\"https:\/\/optimix-software.com\/fr\/#\/schema\/logo\/image\/\",\"url\":\"https:\/\/optimix-software.com\/wp-content\/uploads\/logo-carre-optimix-RETAIL-PERFORMANCE-SOFTWARE.jpg\",\"contentUrl\":\"https:\/\/optimix-software.com\/wp-content\/uploads\/logo-carre-optimix-RETAIL-PERFORMANCE-SOFTWARE.jpg\",\"width\":2001,\"height\":2001,\"caption\":\"Optimix Software\"},\"image\":{\"@id\":\"https:\/\/optimix-software.com\/fr\/#\/schema\/logo\/image\/\"},\"sameAs\":[\"https:\/\/www.linkedin.com\/company\/optimix-ffr\/\"]},{\"@type\":\"Person\",\"@id\":\"https:\/\/optimix-software.com\/fr\/#\/schema\/person\/1f05483bf14941498b0642f62feb8390\",\"name\":\"Carla Gonzalez\"}]}<\/script>\n<!-- \/ Yoast SEO Premium plugin. -->","yoast_head_json":{"title":"Black Friday 2025","description":"Black Friday 2025 : l\u2019image prix et la valeur per\u00e7ue deviennent d\u00e9cisives. D\u00e9couvrez comment les marques adaptent leurs strat\u00e9gies pour rester comp\u00e9titives.","robots":{"index":"index","follow":"follow","max-snippet":"max-snippet:-1","max-image-preview":"max-image-preview:large","max-video-preview":"max-video-preview:-1"},"canonical":"https:\/\/optimix-software.com\/fr\/blog\/pricing\/black-friday\/","og_locale":"fr_FR","og_type":"article","og_title":"Black Friday 2025 : Comment l\u2019image prix et la valeur per\u00e7ue redessinent les strat\u00e9gies des marques","og_description":"Black Friday 2025 : l\u2019image prix et la valeur per\u00e7ue deviennent d\u00e9cisives. D\u00e9couvrez comment les marques adaptent leurs strat\u00e9gies pour rester comp\u00e9titives.","og_url":"https:\/\/optimix-software.com\/fr\/blog\/pricing\/black-friday\/","og_site_name":"Optimix Solutions","article_published_time":"2025-11-25T15:33:04+00:00","article_modified_time":"2025-11-25T16:09:05+00:00","og_image":[{"width":1600,"height":900,"url":"https:\/\/optimix-software.com\/wp-content\/uploads\/Black-Friday-2025-image-prix-valeur-percue-optimix-solutions-1.webp","type":"image\/webp"}],"author":"Carla Gonzalez","twitter_card":"summary_large_image","twitter_misc":{"\u00c9crit par":"Carla Gonzalez","Dur\u00e9e de lecture estim\u00e9e":"11 minutes"},"schema":{"@context":"https:\/\/schema.org","@graph":[{"@type":"Article","@id":"https:\/\/optimix-software.com\/fr\/blog\/pricing\/black-friday\/#article","isPartOf":{"@id":"https:\/\/optimix-software.com\/fr\/blog\/pricing\/black-friday\/"},"author":{"name":"Carla Gonzalez","@id":"https:\/\/optimix-software.com\/fr\/#\/schema\/person\/1f05483bf14941498b0642f62feb8390"},"headline":"Black Friday 2025 : Comment l\u2019image prix et la valeur per\u00e7ue redessinent les strat\u00e9gies des marques","datePublished":"2025-11-25T15:33:04+00:00","dateModified":"2025-11-25T16:09:05+00:00","mainEntityOfPage":{"@id":"https:\/\/optimix-software.com\/fr\/blog\/pricing\/black-friday\/"},"wordCount":2463,"publisher":{"@id":"https:\/\/optimix-software.com\/fr\/#organization"},"image":{"@id":"https:\/\/optimix-software.com\/fr\/blog\/pricing\/black-friday\/#primaryimage"},"thumbnailUrl":"https:\/\/optimix-software.com\/wp-content\/uploads\/Black-Friday-2025-image-prix-valeur-percue-optimix-solutions-1.webp","keywords":["Article CTA","Pricing"],"articleSection":["Pricing"],"inLanguage":"fr-FR"},{"@type":"WebPage","@id":"https:\/\/optimix-software.com\/fr\/blog\/pricing\/black-friday\/","url":"https:\/\/optimix-software.com\/fr\/blog\/pricing\/black-friday\/","name":"Black Friday 2025","isPartOf":{"@id":"https:\/\/optimix-software.com\/fr\/#website"},"primaryImageOfPage":{"@id":"https:\/\/optimix-software.com\/fr\/blog\/pricing\/black-friday\/#primaryimage"},"image":{"@id":"https:\/\/optimix-software.com\/fr\/blog\/pricing\/black-friday\/#primaryimage"},"thumbnailUrl":"https:\/\/optimix-software.com\/wp-content\/uploads\/Black-Friday-2025-image-prix-valeur-percue-optimix-solutions-1.webp","datePublished":"2025-11-25T15:33:04+00:00","dateModified":"2025-11-25T16:09:05+00:00","description":"Black Friday 2025 : l\u2019image prix et la valeur per\u00e7ue deviennent d\u00e9cisives. D\u00e9couvrez comment les marques adaptent leurs strat\u00e9gies pour rester comp\u00e9titives.","breadcrumb":{"@id":"https:\/\/optimix-software.com\/fr\/blog\/pricing\/black-friday\/#breadcrumb"},"inLanguage":"fr-FR","potentialAction":[{"@type":"ReadAction","target":["https:\/\/optimix-software.com\/fr\/blog\/pricing\/black-friday\/"]}]},{"@type":"ImageObject","inLanguage":"fr-FR","@id":"https:\/\/optimix-software.com\/fr\/blog\/pricing\/black-friday\/#primaryimage","url":"https:\/\/optimix-software.com\/wp-content\/uploads\/Black-Friday-2025-image-prix-valeur-percue-optimix-solutions-1.webp","contentUrl":"https:\/\/optimix-software.com\/wp-content\/uploads\/Black-Friday-2025-image-prix-valeur-percue-optimix-solutions-1.webp","width":1600,"height":900},{"@type":"BreadcrumbList","@id":"https:\/\/optimix-software.com\/fr\/blog\/pricing\/black-friday\/#breadcrumb","itemListElement":[{"@type":"ListItem","position":1,"name":"Accueil","item":"https:\/\/optimix-software.com\/fr\/"},{"@type":"ListItem","position":2,"name":"Black Friday 2025 : Comment l\u2019image prix et la valeur per\u00e7ue redessinent les strat\u00e9gies des marques"}]},{"@type":"WebSite","@id":"https:\/\/optimix-software.com\/fr\/#website","url":"https:\/\/optimix-software.com\/fr\/","name":"Optimix Solutions","description":"Editeur de solutions de Pricing et Supply Chain","publisher":{"@id":"https:\/\/optimix-software.com\/fr\/#organization"},"potentialAction":[{"@type":"SearchAction","target":{"@type":"EntryPoint","urlTemplate":"https:\/\/optimix-software.com\/fr\/?s={search_term_string}"},"query-input":{"@type":"PropertyValueSpecification","valueRequired":true,"valueName":"search_term_string"}}],"inLanguage":"fr-FR"},{"@type":"Organization","@id":"https:\/\/optimix-software.com\/fr\/#organization","name":"Optimix Software","url":"https:\/\/optimix-software.com\/fr\/","logo":{"@type":"ImageObject","inLanguage":"fr-FR","@id":"https:\/\/optimix-software.com\/fr\/#\/schema\/logo\/image\/","url":"https:\/\/optimix-software.com\/wp-content\/uploads\/logo-carre-optimix-RETAIL-PERFORMANCE-SOFTWARE.jpg","contentUrl":"https:\/\/optimix-software.com\/wp-content\/uploads\/logo-carre-optimix-RETAIL-PERFORMANCE-SOFTWARE.jpg","width":2001,"height":2001,"caption":"Optimix Software"},"image":{"@id":"https:\/\/optimix-software.com\/fr\/#\/schema\/logo\/image\/"},"sameAs":["https:\/\/www.linkedin.com\/company\/optimix-ffr\/"]},{"@type":"Person","@id":"https:\/\/optimix-software.com\/fr\/#\/schema\/person\/1f05483bf14941498b0642f62feb8390","name":"Carla Gonzalez"}]}},"_links":{"self":[{"href":"https:\/\/optimix-software.com\/fr\/wp-json\/wp\/v2\/posts\/66787","targetHints":{"allow":["GET"]}}],"collection":[{"href":"https:\/\/optimix-software.com\/fr\/wp-json\/wp\/v2\/posts"}],"about":[{"href":"https:\/\/optimix-software.com\/fr\/wp-json\/wp\/v2\/types\/post"}],"author":[{"embeddable":true,"href":"https:\/\/optimix-software.com\/fr\/wp-json\/wp\/v2\/users\/19"}],"replies":[{"embeddable":true,"href":"https:\/\/optimix-software.com\/fr\/wp-json\/wp\/v2\/comments?post=66787"}],"version-history":[{"count":0,"href":"https:\/\/optimix-software.com\/fr\/wp-json\/wp\/v2\/posts\/66787\/revisions"}],"wp:featuredmedia":[{"embeddable":true,"href":"https:\/\/optimix-software.com\/fr\/wp-json\/wp\/v2\/media\/66826"}],"wp:attachment":[{"href":"https:\/\/optimix-software.com\/fr\/wp-json\/wp\/v2\/media?parent=66787"}],"wp:term":[{"taxonomy":"category","embeddable":true,"href":"https:\/\/optimix-software.com\/fr\/wp-json\/wp\/v2\/categories?post=66787"},{"taxonomy":"post_tag","embeddable":true,"href":"https:\/\/optimix-software.com\/fr\/wp-json\/wp\/v2\/tags?post=66787"}],"curies":[{"name":"wp","href":"https:\/\/api.w.org\/{rel}","templated":true}]}}